{"id":84,"date":"2023-11-27T13:36:03","date_gmt":"2023-11-27T16:36:03","guid":{"rendered":"https:\/\/devonline.net.br\/dino\/293325-abrh-pr-promove-workshop-sobre-governanca-e-sucessao-no-dia-30-de-novembro\/"},"modified":"2023-11-27T13:36:03","modified_gmt":"2023-11-27T16:36:03","slug":"293325-abrh-pr-promove-workshop-sobre-governanca-e-sucessao-no-dia-30-de-novembro","status":"publish","type":"post","link":"https:\/\/devonline.net.br\/dino\/293325-abrh-pr-promove-workshop-sobre-governanca-e-sucessao-no-dia-30-de-novembro\/","title":{"rendered":"ABRH-PR promove workshop sobre governan\u00e7a e sucess\u00e3o no dia 30 de novembro"},"content":{"rendered":"<p>As empresas familiares precisam adotar novas prioridades para garantir seu legado, portanto, &eacute; preciso criar processos de administra&ccedil;&atilde;o de neg&oacute;cios e um deles &eacute; governan&ccedil;a. Esta foi uma das constata&ccedil;&otilde;es do IBGC (Instituto Brasileiro de Governan&ccedil;a Corporativa) e da PWC.<\/p>\n<p>Para compartilhar conhecimentos, explorar possibilidades e avan&ccedil;ar em boas pr&aacute;ticas de gest&atilde;o e governan&ccedil;a, a Associa&ccedil;&atilde;o Brasileira de Recursos Humanos &#8211; ABRH-PR promover&aacute; o workshop &ldquo;Governan&ccedil;a e Sucess&atilde;o: integrando pessoas, processos e valores&rdquo;, no dia 30\/11(quinta-feira), das 13h &agrave;s 17h30. O evento ser&aacute; no audit&oacute;rio do Bloco Azul, da Universidade Positivo.<\/p>\n<p>O evento mostrar&aacute; gatilhos, desafios e solu&ccedil;&otilde;es demonstrando que a governan&ccedil;a &eacute; ferramenta que permite maior transpar&ecirc;ncia e credibilidade no ambiente de trabalho, auxilia a gest&atilde;o e colabora no plano transparente de sucess&atilde;o familiar.<\/p>\n<p>O evento conta com o apoio do Instituto Brasileiro de Governan&ccedil;a Corporativa &ndash; Cap&iacute;tulo Paran&aacute; (IBGC-PR), r&aacute;dio Band News FM e Universidade Positivo, e patroc&iacute;nio da PWC e GT (Grant Thornton). Interessados em participar podem se inscrever, as vagas s&atilde;o limitadas.<\/p>\n<p><strong>&nbsp;<\/strong><strong>Organiza&ccedil;&otilde;es bem-sucedidas<\/strong><\/p>\n<p>O presidente da ABRH-PR, Gilmar de Andrade, justifica a import&acirc;ncia do evento, argumentando que gest&atilde;o de pessoas e governan&ccedil;a corporativa s&atilde;o interdependentes e fundamentais para o sucesso organizacional. &ldquo;A gest&atilde;o de pessoas assegura que a for&ccedil;a de trabalho esteja alinhada com os objetivos da empresa, enquanto a governan&ccedil;a corporativa estabelece a estrutura para garantir a efici&ecirc;ncia operacional, transpar&ecirc;ncia e responsabilidade&rdquo;, pontua. &ldquo;Ambas desempenham pap&eacute;is cruciais na cria&ccedil;&atilde;o de organiza&ccedil;&otilde;es sustent&aacute;veis e bem-sucedidas&rdquo;, sustenta.<\/p>\n<p>A ABRH-PR aproveitar&aacute; a oportunidade para fazer o lan&ccedil;amento oficial da 17&ordf; edi&ccedil;&atilde;o do XVII Congresso Paranaense de Recursos Humanos (CONPARH), considerado um dos maiores congressos de gest&atilde;o de pessoas do Estado do Paran&aacute;, e que ser&aacute; realizado nos dias 12 e 13 de abril de 2024, na sede da Fiep (Campus da Ind&uacute;stria).<\/p>\n<p><strong>Programa&ccedil;&atilde;o do Workshop<\/strong><\/p>\n<p>A programa&ccedil;&atilde;o do workshop est&aacute; estrutura em dois pain&eacute;is:<\/p>\n<p><em>Painel I Governan&ccedil;a e Sucess&atilde;o<\/em><\/p>\n<p><em>Mediador<\/em><strong>: Marcelo Palamartchuk<\/strong> (s&oacute;cio da Audit Transaction Advisory Services e membro do Board Executivo da Grant Thornton Brasil)<\/p>\n<p><em>Painelistas e temas<\/em><\/p>\n<p><strong>Claudia Tondo<\/strong> (consultora em Fam&iacute;lias Empres&aacute;rias e Empresas Familiares): &ldquo;Governan&ccedil;a em empresas familiares: fundamentos para uma sucess&atilde;o de sucesso&rdquo;<\/p>\n<p><strong>Renato Bernhoeft<\/strong> (fundador da H&ouml;ft &ndash; Bernhoeft &amp; Teixeira): &ldquo;Transi&ccedil;&atilde;o da primeira para a segunda gera&ccedil;&atilde;o: desafios de transfer&ecirc;ncia de modelo de origem para os herdeiros&rdquo;<\/p>\n<p><strong>Leandro Muniz<\/strong> (s&oacute;cio fundador da Grafin Partners): &ldquo;M&amp;A como alternativa &agrave; sucess&atilde;o patrimonial e gest&atilde;o&rdquo;<\/p>\n<p><em>Painel II &#8211; Integrando Pessoas, Processos e Valores.<\/em><\/p>\n<p><em>Mediador<\/em>: <strong>Adeildo Nascimento<\/strong> (economista com especializa&ccedil;&atilde;o em lideran&ccedil;a e desenvolvimento de times)<\/p>\n<p><em>Painelistas e temas<\/em><\/p>\n<p><strong>Camila Cinquetti<\/strong> (s&oacute;cia na PwC Brasil com mais de 15 anos de experi&ecirc;ncia em RH): &ldquo;Pesquisa sobre Aspira&ccedil;&otilde;es e Preocupa&ccedil;&otilde;es no Ambiente Organizacional&rdquo;<\/p>\n<p><strong>Mariana Reis<\/strong> (fundadora da UPTALENT e especialista em gest&atilde;o de carreira): &ldquo;O novo <em>mindset<\/em> do profissional exigido pelo mercado&rdquo;<\/p>\n<p><strong>Antonio Cesar Marini<\/strong> (gerente de Gest&atilde;o de Pessoas da Coamo Agroindustrial Cooperativa): Case &ldquo;Seja protagonista da sua carreira&rdquo;<\/p>\n<p><strong>Servi&ccedil;o<\/strong><\/p>\n<p><em>Workshop &ldquo;Governan&ccedil;a e Sucess&atilde;o: integrando pessoas, processos e valores&rdquo;<\/em><\/p>\n<p><strong>Data<\/strong>: 30 de novembro, das 13h &agrave;s 17h30<\/p>\n<p><strong>Local<\/strong>: Universidade Positivo Ecoville &ndash; Audit&oacute;rio do bloco azul (Rua Professor Pedro Viriato Parigot de Souza, 5300) &ndash; Campo Comprido &ndash; Curitiba &ndash; PR<\/p>\n<p><strong>Realiza&ccedil;&atilde;o<\/strong>: Associa&ccedil;&atilde;o Brasileira de Recursos Humanos &#8211; ABRH-PR<\/p>\n<p><strong>Apoio<\/strong>: Instituto Brasileiro de Governan&ccedil;a Corporativa &ndash; Cap&iacute;tulo Paran&aacute; (IBGC-PR), r&aacute;dio Band News FM e Universidade Positivo<\/p>\n<p><strong>Patroc&iacute;nio<\/strong>: PWC e GT (Grant Thornton)<\/p>\n<p><strong>Inscri&ccedil;&otilde;es<\/strong>:&nbsp;<a rel=\"nofollow noopener\" target=\"_blank\" href=\"https:\/\/bit.ly\/47tmaRz\">https:\/\/bit.ly\/47tmaRz<\/a><\/p>\n<p><img src='https:\/\/api.dino.com.br\/v2\/news\/tr\/293325?partnerId=4067' alt=\"\" style=\"border:0px;width:1px;height:1px;\" \/><\/p>\n","protected":false},"excerpt":{"rendered":"<p>O evento est\u00e1 estruturado em dois pain\u00e9is que contar\u00e3o com a participa\u00e7\u00e3o de profissionais refer\u00eancia em gest\u00e3o de pessoas e organiza\u00e7\u00f5es<\/p>\n","protected":false},"author":2,"featured_media":0,"comment_status":"closed","ping_status":"open","sticky":false,"template":"","format":"standard","meta":{"footnotes":""},"categories":[2],"tags":[4,17,20,3],"class_list":["post-84","post","type-post","status-publish","format-standard","hentry","category-noticias-corporativas-dino","tag-economia","tag-empreendedorismo","tag-marketing","tag-negocios"],"_links":{"self":[{"href":"https:\/\/devonline.net.br\/dino\/wp-json\/wp\/v2\/posts\/84","targetHints":{"allow":["GET"]}}],"collection":[{"href":"https:\/\/devonline.net.br\/dino\/wp-json\/wp\/v2\/posts"}],"about":[{"href":"https:\/\/devonline.net.br\/dino\/wp-json\/wp\/v2\/types\/post"}],"author":[{"embeddable":true,"href":"https:\/\/devonline.net.br\/dino\/wp-json\/wp\/v2\/users\/2"}],"replies":[{"embeddable":true,"href":"https:\/\/devonline.net.br\/dino\/wp-json\/wp\/v2\/comments?post=84"}],"version-history":[{"count":0,"href":"https:\/\/devonline.net.br\/dino\/wp-json\/wp\/v2\/posts\/84\/revisions"}],"wp:attachment":[{"href":"https:\/\/devonline.net.br\/dino\/wp-json\/wp\/v2\/media?parent=84"}],"wp:term":[{"taxonomy":"category","embeddable":true,"href":"https:\/\/devonline.net.br\/dino\/wp-json\/wp\/v2\/categories?post=84"},{"taxonomy":"post_tag","embeddable":true,"href":"https:\/\/devonline.net.br\/dino\/wp-json\/wp\/v2\/tags?post=84"}],"curies":[{"name":"wp","href":"https:\/\/api.w.org\/{rel}","templated":true}]}}