{"id":61,"date":"2023-11-24T17:55:34","date_gmt":"2023-11-24T20:55:34","guid":{"rendered":"https:\/\/devonline.net.br\/dino\/286328-construtora-lanca-programa-de-residencias-para-colaboradores\/"},"modified":"2023-11-24T17:55:34","modified_gmt":"2023-11-24T20:55:34","slug":"286328-construtora-lanca-programa-de-residencias-para-colaboradores","status":"publish","type":"post","link":"https:\/\/devonline.net.br\/dino\/286328-construtora-lanca-programa-de-residencias-para-colaboradores\/","title":{"rendered":"Construtora lan\u00e7a programa de resid\u00eancias para colaboradores"},"content":{"rendered":"<p>A reten&ccedil;&atilde;o de talentos &eacute; um dos desafios no mundo corporativo. E n&atilde;o apenas sal&aacute;rios e cargos s&atilde;o levados em considera&ccedil;&atilde;o para a perman&ecirc;ncia nas empresas,&nbsp;especialmente devido a tantas mudan&ccedil;as na estrutura de trabalho.<\/p>\n<p>Gest&atilde;o estrat&eacute;gica de pessoas e o olhar atento para as demandas da equipe. Esses s&atilde;o legados que o empres&aacute;rio Jean Graciola tem orgulho de escrever na hist&oacute;ria da FG Empreendimentos, uma das <a rel=\"nofollow noopener\" target=\"_blank\" href=\"https:\/\/www.sienge.com.br\/blog\/100-maiores-construtoras-do-brasil\/\">maiores<\/a> construtoras do pa&iacute;s e que vem, cada vez mais, se tornando um grande celeiro de oportunidades, lan&ccedil;ando tend&ecirc;ncias para o pa&iacute;s e para o mundo. A empresa realizou na recentemente uma a&ccedil;&atilde;o para celebrar com os colaboradores a <a rel=\"nofollow noopener\" target=\"_blank\" href=\"https:\/\/economia.uol.com.br\/reportagens-especiais\/lugares-incriveis-para-trabalhar-2023\/\">premia&ccedil;&atilde;o Lugares Incr&iacute;veis para Trabalhar<\/a> e apresentou ao time seu novo programa: o FG Moradia.<\/p>\n<p>&ldquo;Cada vez mais investimos em nosso p&uacute;blico interno, visando entender as principais demandas dos nossos colaboradores, para estarmos cada vez mais pr&oacute;ximos&rdquo;, destaca o empres&aacute;rio Jean Graciola.<\/p>\n<p>A empresa realizou um censo entre seus colaboradores para entender as principais demandas e mapear a&ccedil;&otilde;es em prol das necessidades. &ldquo;Como resultado identificamos que a maior dificuldade era relacionada &agrave; moradia. Foi assim que nasceu o projeto com loca&ccedil;&atilde;o subsidiada pela empresa, como um benef&iacute;cio, com valores abaixo do mercado. Locamos dois edif&iacute;cios, fizemos melhorias e ent&atilde;o mapeamos, de acordo com regramento criado pelo nosso departamento de recursos humanos para come&ccedil;armos atender as demandas&rdquo;, explica a diretora administrativa da FG, Dayana Feitosa.<\/p>\n<p>Em Santa Catarina o modelo de vale-moradia ainda &eacute; novo, mas no eixo Rio-S&atilde;o Paulo e no <a rel=\"nofollow noopener\" target=\"_blank\" href=\"https:\/\/www.mundorh.com.br\/os-beneficios-corporativos-maisoferecidos-pelas-empresas-no-brasil-e-no-mundo\/\">exterior<\/a> &eacute; um forte benef&iacute;cio oferecido pelas empresas para atrair e reter talentos. &ldquo;Al&eacute;m disso, a preocupa&ccedil;&atilde;o com nossos colaboradores est&aacute; em nosso DNA e impacta diretamente na produtividade. Temos nosso mote a qualidade de vida e o lifestyle de Balne&aacute;rio Cambori&uacute; para os consumidores e estamos trazendo o conceito cada vez mais para dentro da empresa&rdquo;, explica Dayana Feitosa.<\/p>\n<p>Outro racional &eacute; referente a qualidade de vida. Os brasileiros est&atilde;o entre os que mais gastam tempo em transporte para chegar ao trabalho, de acordo com uma pesquisa feita pela <a rel=\"nofollow noopener\" target=\"_blank\" href=\"https:\/\/moovit.com\/pt\/press-releases\/moovit-apresenta-relatorio-sobre-transporte-publico-em-2022\/\">Moovit<\/a>. Oferecer a possibilidade de morar perto da empresa passa a ser um diferencial, ainda mais na era da instantaneidade e de profissionais que, cada vez mais, buscam por emprego que ofere&ccedil;a mais qualidade de vida. &ldquo;Estamos cada vez mais focados em externar nosso posicionamento de empresa alinhada aos desejos de nossos colaboradores, como uma organiza&ccedil;&atilde;o com impacto social positivo. As tend&ecirc;ncias de benef&iacute;cios corporativos refletem uma mudan&ccedil;a em dire&ccedil;&atilde;o a um foco mais humano e centrado no funcion&aacute;rio&rdquo;, finaliza a diretora administrativa da FG.<\/p>\n<p><img src='https:\/\/api.dino.com.br\/v2\/news\/tr\/286328?partnerId=4067' alt=\"\" style=\"border:0px;width:1px;height:1px;\" \/><\/p>\n","protected":false},"excerpt":{"rendered":"<p>No ambiente corporativo, a reten\u00e7\u00e3o de talentos vai muito al\u00e9m do sal\u00e1rio. Empresas investem em benef\u00edcios e cuidados al\u00e9m dos tradicionais no mercado da constru\u00e7\u00e3o civil.<\/p>\n","protected":false},"author":2,"featured_media":62,"comment_status":"closed","ping_status":"open","sticky":false,"template":"","format":"standard","meta":{"footnotes":""},"categories":[2],"tags":[40,41,4,20,3],"class_list":["post-61","post","type-post","status-publish","format-standard","has-post-thumbnail","hentry","category-noticias-corporativas-dino","tag-arquitetura","tag-construcao-civil","tag-economia","tag-marketing","tag-negocios"],"_links":{"self":[{"href":"https:\/\/devonline.net.br\/dino\/wp-json\/wp\/v2\/posts\/61","targetHints":{"allow":["GET"]}}],"collection":[{"href":"https:\/\/devonline.net.br\/dino\/wp-json\/wp\/v2\/posts"}],"about":[{"href":"https:\/\/devonline.net.br\/dino\/wp-json\/wp\/v2\/types\/post"}],"author":[{"embeddable":true,"href":"https:\/\/devonline.net.br\/dino\/wp-json\/wp\/v2\/users\/2"}],"replies":[{"embeddable":true,"href":"https:\/\/devonline.net.br\/dino\/wp-json\/wp\/v2\/comments?post=61"}],"version-history":[{"count":0,"href":"https:\/\/devonline.net.br\/dino\/wp-json\/wp\/v2\/posts\/61\/revisions"}],"wp:featuredmedia":[{"embeddable":true,"href":"https:\/\/devonline.net.br\/dino\/wp-json\/wp\/v2\/media\/62"}],"wp:attachment":[{"href":"https:\/\/devonline.net.br\/dino\/wp-json\/wp\/v2\/media?parent=61"}],"wp:term":[{"taxonomy":"category","embeddable":true,"href":"https:\/\/devonline.net.br\/dino\/wp-json\/wp\/v2\/categories?post=61"},{"taxonomy":"post_tag","embeddable":true,"href":"https:\/\/devonline.net.br\/dino\/wp-json\/wp\/v2\/tags?post=61"}],"curies":[{"name":"wp","href":"https:\/\/api.w.org\/{rel}","templated":true}]}}