{"id":439,"date":"2023-12-06T14:35:01","date_gmt":"2023-12-06T17:35:01","guid":{"rendered":"https:\/\/devonline.net.br\/dino\/290589-marcas-proprias-integram-rotina-de-40-das-casas-brasileiras\/"},"modified":"2023-12-06T14:35:01","modified_gmt":"2023-12-06T17:35:01","slug":"290589-marcas-proprias-integram-rotina-de-40-das-casas-brasileiras","status":"publish","type":"post","link":"https:\/\/devonline.net.br\/dino\/290589-marcas-proprias-integram-rotina-de-40-das-casas-brasileiras\/","title":{"rendered":"Marcas pr\u00f3prias integram rotina de 40% das casas brasileiras"},"content":{"rendered":"<p>As marcas pr&oacute;prias, tamb&eacute;m conhecidas como marcas de distribuidor, que s&atilde;o aquelas que pertencem a um distribuidor e que s&atilde;o comercializadas de forma exclusiva atrav&eacute;s das lojas de uma rede ou grupo, t&ecirc;m ganhado cada vez mais destaque no cen&aacute;rio global de compras.&nbsp;<\/p>\n<p>Segundo a Associa&ccedil;&atilde;o Brasileira de Marcas Pr&oacute;prias e Terceiriza&ccedil;&atilde;o (ABMAPRO), o valor m&eacute;dio das marcas pr&oacute;prias aumentou globalmente em 3,5%. No Brasil, elas j&aacute; fazem parte da rotina de mais de 40% das resid&ecirc;ncias, representando um aumento de 5,5 pontos percentuais em rela&ccedil;&atilde;o a 2021.<\/p>\n<p>A <a rel=\"nofollow noopener\" target=\"_blank\" href=\"https:\/\/checkoutrh.com.br\/marcas-proprias-ganham-maior-participacao-nos-mercados-do-mundo-todo\/\">pesquisa<\/a> apontou aumento de valor na Am&eacute;rica Latina, com crescimento de 27,4%. Na Europa, em pa&iacute;ses como Portugal e Espanha, mercados mais consolidados para esse tipo de produto, o aumento foi de 2,9% e 2,6%, respectivamente, em compara&ccedil;&atilde;o com o ano anterior. A Su&iacute;&ccedil;a destaca-se como o pa&iacute;s onde as vendas de marcas pr&oacute;prias competem significativamente com as marcas l&iacute;deres, com uma participa&ccedil;&atilde;o de mercado superior a 50%.<\/p>\n<p>&ldquo;Diversas empresas nacionais j&aacute; entenderam o poder que as marcas pr&oacute;prias t&ecirc;m em aumentar as margens de lucro, fidelizar clientes e tornar o neg&oacute;cio ainda mais competitivo&rdquo;, afirma Roberto Carvalho, Diretor Geral da Wyda Embalagens.<\/p>\n<p><strong>Qualidade acess&iacute;vel<\/strong><\/p>\n<p>De acordo com o estudo, os motivos desse crescente interesse em marcas pr&oacute;prias incluem fatores como pre&ccedil;o, qualidade, disponibilidade e recomenda&ccedil;&atilde;o. A ABMAPRO destaca que os produtos de marca pr&oacute;pria podem ter um valor de mercado at&eacute; 30% mais acess&iacute;vel em compara&ccedil;&atilde;o com as marcas tradicionais.<\/p>\n<p>No Brasil, os n&uacute;meros s&atilde;o promissores. As marcas pr&oacute;prias no setor de varejo alimentar alcan&ccedil;aram um faturamento de R$ 15 bilh&otilde;es em 2022. Em seguida, destacam-se os setores de vestu&aacute;rio (R$ 25 bilh&otilde;es) e farmac&ecirc;utico (R$ 4,5 bilh&otilde;es). Outros segmentos contribu&iacute;ram com R$ 3 bilh&otilde;es de reais. Os dados tamb&eacute;m revelaram que os consumidores demonstram maior fidelidade &agrave;s marcas pr&oacute;prias, adquirindo, em m&eacute;dia, 20 produtos com esse tipo de r&oacute;tulo, enquanto as marcas l&iacute;deres conseguem atingir uma m&eacute;dia de 10 itens.<\/p>\n<p>&ldquo;No cen&aacute;rio nacional o crescimento das marcas pr&oacute;prias em 2022 foi acima do mercado, com ganho de 17% em compara&ccedil;&atilde;o a 14,4% do total de categorias. Isso se deve &agrave; rela&ccedil;&atilde;o entre pre&ccedil;o e qualidade, caracter&iacute;stica do segmento, e pela transforma&ccedil;&atilde;o do cen&aacute;rio de consumo, que ampliou as op&ccedil;&otilde;es de compra&rdquo;, finaliza Carvalho.<\/p>\n<p><strong>Sobre a Wyda Embalagens<\/strong><\/p>\n<p>Com mais de tr&ecirc;s d&eacute;cadas de experi&ecirc;ncia no setor, a Wyda Embalagens atua no ramo de embalagens descart&aacute;veis. A empresa investe nas categorias de produtos de alum&iacute;nio e n&atilde;o alum&iacute;nio. Al&eacute;m de oferecer sua linha de produtos, a Wyda tamb&eacute;m opera no fornecimento de marcas pr&oacute;prias, contando com clientes como Qualit&aacute;, Dia%, e Rochedo.<\/p>\n<p>Para saber mais, basta acessar: <a rel=\"nofollow noopener\" target=\"_blank\" href=\"http:\/\/www.wyda.com.br\">www.wyda.com.br<\/a>&nbsp;<\/p>\n<p><img src='https:\/\/api.dino.com.br\/v2\/news\/tr\/290589?partnerId=4067' alt=\"\" style=\"border:0px;width:1px;height:1px;\" \/><\/p>\n","protected":false},"excerpt":{"rendered":"<p>Segundo a Associa\u00e7\u00e3o Brasileira de Marcas Pr\u00f3prias e Terceiriza\u00e7\u00e3o (ABMAPRO), o valor das marcas pr\u00f3prias aumentou em 3,5% na m\u00e9dia global<\/p>\n","protected":false},"author":2,"featured_media":440,"comment_status":"closed","ping_status":"open","sticky":false,"template":"","format":"standard","meta":{"footnotes":""},"categories":[2],"tags":[23,17,26,20,3],"class_list":["post-439","post","type-post","status-publish","format-standard","has-post-thumbnail","hentry","category-noticias-corporativas-dino","tag-atacado-e-varejo","tag-empreendedorismo","tag-industrias","tag-marketing","tag-negocios"],"_links":{"self":[{"href":"https:\/\/devonline.net.br\/dino\/wp-json\/wp\/v2\/posts\/439","targetHints":{"allow":["GET"]}}],"collection":[{"href":"https:\/\/devonline.net.br\/dino\/wp-json\/wp\/v2\/posts"}],"about":[{"href":"https:\/\/devonline.net.br\/dino\/wp-json\/wp\/v2\/types\/post"}],"author":[{"embeddable":true,"href":"https:\/\/devonline.net.br\/dino\/wp-json\/wp\/v2\/users\/2"}],"replies":[{"embeddable":true,"href":"https:\/\/devonline.net.br\/dino\/wp-json\/wp\/v2\/comments?post=439"}],"version-history":[{"count":0,"href":"https:\/\/devonline.net.br\/dino\/wp-json\/wp\/v2\/posts\/439\/revisions"}],"wp:featuredmedia":[{"embeddable":true,"href":"https:\/\/devonline.net.br\/dino\/wp-json\/wp\/v2\/media\/440"}],"wp:attachment":[{"href":"https:\/\/devonline.net.br\/dino\/wp-json\/wp\/v2\/media?parent=439"}],"wp:term":[{"taxonomy":"category","embeddable":true,"href":"https:\/\/devonline.net.br\/dino\/wp-json\/wp\/v2\/categories?post=439"},{"taxonomy":"post_tag","embeddable":true,"href":"https:\/\/devonline.net.br\/dino\/wp-json\/wp\/v2\/tags?post=439"}],"curies":[{"name":"wp","href":"https:\/\/api.w.org\/{rel}","templated":true}]}}