{"id":437,"date":"2023-12-06T14:24:53","date_gmt":"2023-12-06T17:24:53","guid":{"rendered":"https:\/\/devonline.net.br\/dino\/298490-novo-talk-show-debate-a-saude-corporativa-no-brasil\/"},"modified":"2023-12-06T14:24:53","modified_gmt":"2023-12-06T17:24:53","slug":"298490-novo-talk-show-debate-a-saude-corporativa-no-brasil","status":"publish","type":"post","link":"https:\/\/devonline.net.br\/dino\/298490-novo-talk-show-debate-a-saude-corporativa-no-brasil\/","title":{"rendered":"Novo talk show debate a sa\u00fade corporativa no Brasil"},"content":{"rendered":"<p>A BR MED lan\u00e7a o &#8216;<strong>BR MED Talks<\/strong>&#8216;, novo talk show focado no tema sa\u00fade corporativa. O programa \u00e9 multiplataforma (dispon\u00edvel no Youtube, Spotify, Linkedin e Instagram) e debate as \u00faltimas tend\u00eancias em inova\u00e7\u00e3o e tecnologia aplicadas \u00e0 sa\u00fade ocupacional. O espectador tem acesso a conversas com especialistas em sa\u00fade e seguran\u00e7a para refletir sobre problemas e solu\u00e7\u00f5es nas \u00e1reas de sa\u00fade e bem-estar do trabalhador, tecnologia, inova\u00e7\u00e3o e neg\u00f3cios.<\/p>\n<p>O &#8216;BR MED Talks&#8217; objetiva ser uma fonte de conhecimento para l\u00edderes e profissionais da \u00e1rea, incluindo CEOs, Diretores M\u00e9dicos, Diretores de RH, Gerentes de Opera\u00e7\u00f5es e de SST, al\u00e9m de todos aqueles interessados em promover um ambiente de trabalho seguro e saud\u00e1vel. <strong>Dan Contente<\/strong>, que apresenta as discuss\u00f5es, traz sua experi\u00eancia como Chief Marketing Officer da BR MED para o formato. Ao entrevistar convidados e especialistas, o executivo aborda os desafios e as oportunidades que a sa\u00fade corporativa oferece, destacando as melhores pr\u00e1ticas e compartilhando casos de sucesso.<\/p>\n<p>\u201cTrabalhar o sucesso do cliente de forma global tamb\u00e9m passa por o ajudarmos a ampliar o espectro de conhecimento dele sobre os hot topics do momento no que diz respeito \u00e0 sa\u00fade e seguran\u00e7a, pelos quais eles s\u00e3o cobrados dentro de suas empresas. Trazer luz e a perspectiva m\u00e9dica, t\u00e9cnica, mas tamb\u00e9m com a linguagem adaptada ao universo corporativo \u00e9 a principal inten\u00e7\u00e3o do BR MED Talks. Isso refor\u00e7a, inclusive, nosso posicionamento de ser uma marca que agrega n\u00e3o s\u00f3 com tecnologia e efici\u00eancia, mas com alto capital intelectual\u201d, afirma o CMO.<\/p>\n<p>Os dois primeiros epis\u00f3dios abordam os temas: &#8220;Sa\u00fade Mental&#8221; (que conta com a participa\u00e7\u00e3o de&nbsp;<strong>Gustavo Cardoso<\/strong>) e &#8220;Os perigos do \u00c1lcool e Drogas&#8221; (com a participa\u00e7\u00e3o de <strong>Fabr\u00edcio Netto<\/strong>). Os dois entrevistados s\u00e3o m\u00e9dicos do trabalho titulados pela Associa\u00e7\u00e3o Nacional de Medicina do Trabalho (ANAMT) e refer\u00eancias na \u00e1rea da Sa\u00fade Ocupacional.<\/p>\n<p>Os pr\u00f3ximos programas v\u00e3o trazer temas pertinentes como \u201ceSocial\u201d e \u201cA import\u00e2ncia do CX na Sa\u00fade Corporativa\u201d.<\/p>\n<p><img src='https:\/\/api.dino.com.br\/v2\/news\/tr\/298490?partnerId=4067' alt=\"\" style=\"border:0px;width:1px;height:1px;\" \/><\/p>\n","protected":false},"excerpt":{"rendered":"<p>BR MED Talks \u00e9 apresentado por Dan Contente, CMO da BR MED<\/p>\n","protected":false},"author":2,"featured_media":438,"comment_status":"closed","ping_status":"open","sticky":false,"template":"","format":"standard","meta":{"footnotes":""},"categories":[2],"tags":[19,17,20,44,32],"class_list":["post-437","post","type-post","status-publish","format-standard","has-post-thumbnail","hentry","category-noticias-corporativas-dino","tag-comunicacao","tag-empreendedorismo","tag-marketing","tag-midia","tag-saude-e-bem-estar"],"_links":{"self":[{"href":"https:\/\/devonline.net.br\/dino\/wp-json\/wp\/v2\/posts\/437","targetHints":{"allow":["GET"]}}],"collection":[{"href":"https:\/\/devonline.net.br\/dino\/wp-json\/wp\/v2\/posts"}],"about":[{"href":"https:\/\/devonline.net.br\/dino\/wp-json\/wp\/v2\/types\/post"}],"author":[{"embeddable":true,"href":"https:\/\/devonline.net.br\/dino\/wp-json\/wp\/v2\/users\/2"}],"replies":[{"embeddable":true,"href":"https:\/\/devonline.net.br\/dino\/wp-json\/wp\/v2\/comments?post=437"}],"version-history":[{"count":0,"href":"https:\/\/devonline.net.br\/dino\/wp-json\/wp\/v2\/posts\/437\/revisions"}],"wp:featuredmedia":[{"embeddable":true,"href":"https:\/\/devonline.net.br\/dino\/wp-json\/wp\/v2\/media\/438"}],"wp:attachment":[{"href":"https:\/\/devonline.net.br\/dino\/wp-json\/wp\/v2\/media?parent=437"}],"wp:term":[{"taxonomy":"category","embeddable":true,"href":"https:\/\/devonline.net.br\/dino\/wp-json\/wp\/v2\/categories?post=437"},{"taxonomy":"post_tag","embeddable":true,"href":"https:\/\/devonline.net.br\/dino\/wp-json\/wp\/v2\/tags?post=437"}],"curies":[{"name":"wp","href":"https:\/\/api.w.org\/{rel}","templated":true}]}}