{"id":42,"date":"2023-11-24T14:27:50","date_gmt":"2023-11-24T17:27:50","guid":{"rendered":"https:\/\/devonline.net.br\/dino\/296927-turismo-gera-11-dos-empregos-formais-na-bahia\/"},"modified":"2023-11-24T14:27:50","modified_gmt":"2023-11-24T17:27:50","slug":"296927-turismo-gera-11-dos-empregos-formais-na-bahia","status":"publish","type":"post","link":"https:\/\/devonline.net.br\/dino\/296927-turismo-gera-11-dos-empregos-formais-na-bahia\/","title":{"rendered":"Turismo gera 11% dos empregos formais na Bahia"},"content":{"rendered":"<p>O setor tur\u00edstico na Bahia apresentou crescimento no \u00e2mbito do emprego formal pelo nono m\u00eas consecutivo. Em setembro de 2023, foram criados 1.087 novos postos de trabalho, representando 11,03% do total de empregos com carteira assinada gerados em todo o estado. Essas informa\u00e7\u00f5es s\u00e3o provenientes do Cadastro Geral de Empregados e Desempregados (Caged), vinculado ao Minist\u00e9rio do Trabalho e Emprego (MTE).<\/p>\n<p>No segundo semestre de 2022, o turismo na Bahia n\u00e3o apenas se recuperou dos impactos da pandemia, mas tamb\u00e9m ultrapassou os n\u00edveis registrados antes da crise sanit\u00e1ria. De janeiro de 2021 a setembro de 2022, o setor gerou 20 mil empregos, superando o n\u00famero de vagas perdidas em 2020, que totalizou 19.032. Em setembro de 2023, o segmento j\u00e1 contava com mais de 26 mil trabalhadores empregados.<\/p>\n<p>\u201cAp\u00f3s o per\u00edodo da pandemia, a evolu\u00e7\u00e3o do turismo \u00e9 grande e com certeza ser\u00e1 um dos primeiros setores da economia a se restabelecer\u201d, avalia Felipe Oliveira Pedreira, propriet\u00e1rio da Bahia Terra Turismo e Eventos. \u201cA procura pelo estado da Bahia na internet vem cada vez mais sendo o ponto de partida para quem procura por <a rel=\"nofollow noopener\" target=\"_blank\" href=\"https:\/\/www.morrodesaopaulocatamara.com\/\" data-mce-href=\"https:\/\/www.morrodesaopaulocatamara.com\/\">passagens a\u00e9reas, passeios, servi\u00e7os de transfer terrestre, mar\u00edtimo ou a\u00e9reo<\/a> e reservas de hospedagem\u201d.<\/p>\n<p><strong>Destino em alta<\/strong><\/p>\n<p>Uma pesquisa conduzida pela <a rel=\"nofollow noopener\" target=\"_blank\" href=\"https:\/\/preply.com\/pt\/blog\/para-onde-viajar-saiba-como-os-idiomas-influenciam-na-escolha-do-destino\/\" data-mce-href=\"https:\/\/preply.com\/pt\/blog\/para-onde-viajar-saiba-como-os-idiomas-influenciam-na-escolha-do-destino\/\">Preply<\/a> revelou os destinos de viagem mais desejados pelos brasileiros nos pr\u00f3ximos meses. O estado da Bahia desponta como o destino mais procurado, com 27% dos entrevistados manifestando o desejo de explorar essa regi\u00e3o. Em seguida, Santa Catarina alcan\u00e7a 25%, o Rio de Janeiro 23%, o Cear\u00e1 22% e o Rio Grande do Sul 20%.<\/p>\n<p>\u201cA Bahia \u00e9 um estado com uma gama de destinos para todos os perfis, temos praias, cachoeiras, hist\u00f3rias e artesanato, mas a grande tend\u00eancia no momento \u00e9 a busca por lugares tranquilos, \u00e1guas cristalinas e pouco barulho\u201d, pontua Pedreira. \u201cAcredito que a <a rel=\"nofollow noopener\" target=\"_blank\" href=\"https:\/\/www.boipebatur.com.br\/\" data-mce-href=\"https:\/\/www.boipebatur.com.br\/\">Ilha de Boipeba<\/a>, mais especificamente a Praia do Morer\u00e9, tem sido uma tend\u00eancia nos \u00faltimos anos.\u201d<\/p>\n<p>A pesquisa da Preply tamb\u00e9m destaca que 61% dos brasileiros planejam realizar viagens de turismo nos pr\u00f3ximos 12 meses. Essa inclina\u00e7\u00e3o reflete o cont\u00ednuo anseio por descobrir novas culturas, explorar destinos ex\u00f3ticos e vivenciar experi\u00eancias \u00fanicas. Al\u00e9m disso, 39% dos entrevistados expressaram a inten\u00e7\u00e3o de realizar viagens para reencontros familiares. O levantamento ainda revelou que 19% planejam viagens de neg\u00f3cios ou trabalho, seguidos por 18% que t\u00eam a inten\u00e7\u00e3o de realizar interc\u00e2mbios.<\/p>\n<p>\u201cVejo os pr\u00f3ximos anos com grande otimismo. A sociedade entendeu que viajar faz parte do planejamento familiar, \u00e9 um investimento imprescind\u00edvel e se faz necess\u00e1rio incluir na programa\u00e7\u00e3o da fam\u00edlia pelo menos uma vez por ano\u201d, finaliza Pedreira.<\/p>\n<p>Para saber mais, basta acessar: <a rel=\"nofollow noopener\" target=\"_blank\" href=\"http:\/\/www.bahiaterra.com\" data-mce-href=\"http:\/\/www.bahiaterra.com\">www.bahiaterra.com<\/a>&nbsp;<\/p>\n<p><img src='https:\/\/api.dino.com.br\/v2\/news\/tr\/296927?partnerId=4067' alt=\"\" style=\"border:0px;width:1px;height:1px;\" \/><\/p>\n","protected":false},"excerpt":{"rendered":"<p>Dados fornecidos pelo Cadastro Geral de Empregados e Desempregados (Caged) s\u00e3o referentes ao m\u00eas de setembro no estado nordestino<\/p>\n","protected":false},"author":2,"featured_media":43,"comment_status":"closed","ping_status":"open","sticky":false,"template":"","format":"standard","meta":{"footnotes":""},"categories":[2],"tags":[17,29,18,30,5],"class_list":["post-42","post","type-post","status-publish","format-standard","has-post-thumbnail","hentry","category-noticias-corporativas-dino","tag-empreendedorismo","tag-entretenimento","tag-eventos","tag-meio-ambiente","tag-turismo-e-viagem"],"_links":{"self":[{"href":"https:\/\/devonline.net.br\/dino\/wp-json\/wp\/v2\/posts\/42","targetHints":{"allow":["GET"]}}],"collection":[{"href":"https:\/\/devonline.net.br\/dino\/wp-json\/wp\/v2\/posts"}],"about":[{"href":"https:\/\/devonline.net.br\/dino\/wp-json\/wp\/v2\/types\/post"}],"author":[{"embeddable":true,"href":"https:\/\/devonline.net.br\/dino\/wp-json\/wp\/v2\/users\/2"}],"replies":[{"embeddable":true,"href":"https:\/\/devonline.net.br\/dino\/wp-json\/wp\/v2\/comments?post=42"}],"version-history":[{"count":0,"href":"https:\/\/devonline.net.br\/dino\/wp-json\/wp\/v2\/posts\/42\/revisions"}],"wp:featuredmedia":[{"embeddable":true,"href":"https:\/\/devonline.net.br\/dino\/wp-json\/wp\/v2\/media\/43"}],"wp:attachment":[{"href":"https:\/\/devonline.net.br\/dino\/wp-json\/wp\/v2\/media?parent=42"}],"wp:term":[{"taxonomy":"category","embeddable":true,"href":"https:\/\/devonline.net.br\/dino\/wp-json\/wp\/v2\/categories?post=42"},{"taxonomy":"post_tag","embeddable":true,"href":"https:\/\/devonline.net.br\/dino\/wp-json\/wp\/v2\/tags?post=42"}],"curies":[{"name":"wp","href":"https:\/\/api.w.org\/{rel}","templated":true}]}}