{"id":417,"date":"2023-12-05T17:44:31","date_gmt":"2023-12-05T20:44:31","guid":{"rendered":"https:\/\/devonline.net.br\/dino\/297765-brasil-amplia-esforcos-no-combate-a-crimes-ambientais-em-areas-de-conservacao\/"},"modified":"2023-12-05T17:44:31","modified_gmt":"2023-12-05T20:44:31","slug":"297765-brasil-amplia-esforcos-no-combate-a-crimes-ambientais-em-areas-de-conservacao","status":"publish","type":"post","link":"https:\/\/devonline.net.br\/dino\/297765-brasil-amplia-esforcos-no-combate-a-crimes-ambientais-em-areas-de-conservacao\/","title":{"rendered":"Brasil amplia esfor\u00e7os no combate a crimes ambientais em \u00e1reas de conserva\u00e7\u00e3o"},"content":{"rendered":"<p>O Brasil est&aacute; intensificando suas a&ccedil;&otilde;es contra crimes ambientais, um movimento crucial para a salvaguarda da biodiversidade e sustentabilidade nacional. A rigorosa legisla&ccedil;&atilde;o ambiental do pa&iacute;s agora &eacute; aplicada com mais firmeza, visando desencorajar infra&ccedil;&otilde;es.<\/p>\n<p>Fiscaliza&ccedil;&otilde;es em &aacute;reas protegidas foram refor&ccedil;adas, incrementando o n&uacute;mero de opera&ccedil;&otilde;es de monitoramento. Essas medidas s&atilde;o fundamentais para identificar e prevenir pr&aacute;ticas ilegais, como desmatamento, ca&ccedil;a ilegal e polui&ccedil;&atilde;o h&iacute;drica. As equipes respons&aacute;veis utilizam tecnologia de ponta, como drones e vigil&acirc;ncia via sat&eacute;lite, para um acompanhamento mais eficiente e abrangente\u200b\u200b.<\/p>\n<p>A <a rel=\"nofollow noopener\" target=\"_blank\" href=\"https:\/\/www.gov.br\/pt-br\/noticias\/meio-ambiente-e-clima\/2021\/12\/governo-federal-amplia-os-esforcos-no-combate-a-crimes-ambientais#:~:text=Em%20julho%20deste%20ano%20foi,ambientais%20cometidos%20na%20regi%C3%A3o%20amaz%C3%B4nica\">Opera&ccedil;&atilde;o Guardi&otilde;es do Bioma<\/a>, lan&ccedil;ada em julho, j&aacute; enfrentou mais de 17 mil inc&ecirc;ndios florestais em 11 estados dos biomas da Amaz&ocirc;nia, Cerrado e Pantanal, com planos de expandir a opera&ccedil;&atilde;o para combater intensamente o desmatamento e outros crimes ambientais\u200b\u200b\u200b\u200b. O Governo investiu mais de R$ 60 milh&otilde;es na opera&ccedil;&atilde;o, mobilizando aproximadamente 8 mil policiais e bombeiros militares, resultando em uma diminui&ccedil;&atilde;o significativa no n&uacute;mero de queimadas\u200b\u200b\u200b\u200b.<\/p>\n<p>Al&eacute;m disso, o Governo Federal descentralizou mais de R$2,2 bilh&otilde;es para os estados para investir em tecnologia, ve&iacute;culos e refor&ccedil;o policial. Opera&ccedil;&otilde;es simult&acirc;neas em todo o Brasil envolvem as 27 pol&iacute;cias civis e militares, demonstrando a integra&ccedil;&atilde;o e o impacto significativo dessas iniciativas\u200b\u200b.<\/p>\n<p>Cerca de 8.556 profissionais da seguran&ccedil;a p&uacute;blica est&atilde;o envolvidos na opera&ccedil;&atilde;o, que j&aacute; resultou no combate a 6.772 crimes ambientais, aplica&ccedil;&atilde;o de 1.547 multas, e combate a 784 casos de desmatamento ilegal\u200b\u200b.<\/p>\n<p>De acordo com o Instituto Brasileiro do Meio Ambiente e dos Recursos Naturais Renov&aacute;veis (<a rel=\"nofollow noopener\" target=\"_blank\" href=\"https:\/\/summitagro.estadao.com.br\/sustentabilidade\/multas-de-desmatamento-e-crimes-ambientais-crescem-no-pais\/\">Ibama<\/a>), houve um aumento de 219% nas multas por desmatamento e outros crimes contra a flora entre janeiro e mar&ccedil;o de 2023 em compara&ccedil;&atilde;o com os anos anteriores. As apreens&otilde;es de produtos relacionados a infra&ccedil;&otilde;es ambientais aumentaram em 133%, enquanto os embargos a propriedades envolvidas em crimes ambientais cresceram 93%\u200b\u200b\u200b\u200b.<\/p>\n<p>Opera&ccedil;&otilde;es contra garimpo ilegal em terras ind&iacute;genas resultaram na apreens&atilde;o de 8 aeronaves, 23 barcos, 3 tratores e 124 motores, al&eacute;m da destrui&ccedil;&atilde;o de 285 acampamentos ilegais e apreens&atilde;o de subst&acirc;ncias e equipamentos nocivos ao meio ambiente\u200b\u200b.<\/p>\n<p>Essas a&ccedil;&otilde;es representam um esfor&ccedil;o integrado para a prote&ccedil;&atilde;o do patrim&ocirc;nio natural do Brasil. A luta contra os crimes ambientais demanda uma coopera&ccedil;&atilde;o entre o governo, setor privado e cidad&atilde;os. Apenas com um compromisso coletivo e a&ccedil;&otilde;es concretas ser&aacute; poss&iacute;vel assegurar a conserva&ccedil;&atilde;o ambiental para as futuras gera&ccedil;&otilde;es.<\/p>\n<p>Al&eacute;m das a&ccedil;&otilde;es j&aacute; mencionadas, observa-se uma mudan&ccedil;a no padr&atilde;o dos crimes ambientais no Brasil. Uma pesquisa in&eacute;dita da Rede de Observat&oacute;rios de Seguran&ccedil;a mostra que esses crimes, anteriormente mais comuns em florestas e &aacute;reas rurais, est&atilde;o se deslocando para as periferias dos centros urbanos. No Rio de Janeiro, por exemplo, houve um aumento de 52% nas ocorr&ecirc;ncias de crimes ambientais entre 2017 e 2022. Entre esses crimes, destaca-se a extra&ccedil;&atilde;o ilegal de areia em &aacute;reas protegidas para a constru&ccedil;&atilde;o de im&oacute;veis clandestinos\u200b\u200b\u200b\u200b\u200b\u200b\u200b\u200b.<\/p>\n<p>Al&eacute;m disso, a <a rel=\"nofollow noopener\" target=\"_blank\" href=\"https:\/\/summitagro.estadao.com.br\/sustentabilidade\/multas-de-desmatamento-e-crimes-ambientais-crescem-no-pais\/\">viol&ecirc;ncia contra povos ind&iacute;genas e quilombolas<\/a> tem sido uma preocupante realidade. No Par&aacute; e na Bahia, por exemplo, mais de 400 pessoas desses grupos foram v&iacute;timas de crimes contra a vida e viola&ccedil;&otilde;es sexuais e patrimoniais no mesmo per&iacute;odo\u200b\u200b\u200b\u200b.<\/p>\n<p>No que diz respeito &agrave; agenda de combate a crimes ambientais para 2023, foram elencadas medidas importantes como o desmatamento zero na Amaz&ocirc;nia e o combate intenso a crimes como a grilagem. Especialistas enfatizam a necessidade de retomar o Plano de Preven&ccedil;&atilde;o e Controle do Desmatamento da Amaz&ocirc;nia (PPCDAM) e de fortalecer a fiscaliza&ccedil;&atilde;o contra crimes ambientais, incluindo a restaura&ccedil;&atilde;o e recomposi&ccedil;&atilde;o ambiental de biomas como o Cerrado\u200b\u200b\u200b\u200b\u200b\u200b.<\/p>\n<p>H&aacute; tamb&eacute;m a urg&ecirc;ncia em revisar os recursos destinados ao enfrentamento dos crimes ambientais, considerando tanto os recursos nacionais quanto a retomada de fundos estrangeiros, como o Fundo Amaz&ocirc;nia. Al&eacute;m disso, &eacute; necess&aacute;rio um fortalecimento do IBAMA e de outros &oacute;rg&atilde;os de fiscaliza&ccedil;&atilde;o e controle, com novos planejamentos e recursos, e agendas de intelig&ecirc;ncia para estabelecer rela&ccedil;&otilde;es entre crimes ambientais e crime organizado\u200b\u200b.<\/p>\n<p>A cadeia de pecu&aacute;ria, um dos principais vetores de desmatamento na Amaz&ocirc;nia, precisa de rastreabilidade transparente e eficiente, garantindo que n&atilde;o haja desmatamento em nenhuma etapa das cadeias produtivas de commodities\u200b\u200b. Al&eacute;m disso, &eacute; fundamental retomar o di&aacute;logo e a participa&ccedil;&atilde;o da sociedade civil nas agendas de implementa&ccedil;&atilde;o das pol&iacute;ticas p&uacute;blicas ambientais, reverter os altos &iacute;ndices de desmatamento e queimadas, e garantir a prote&ccedil;&atilde;o dos defensores dos biomas brasileiros\u200b\u200b.<\/p>\n<p>Essas a&ccedil;&otilde;es representam um esfor&ccedil;o integrado para a prote&ccedil;&atilde;o do patrim&ocirc;nio natural do Brasil. A luta contra os crimes ambientais demanda uma coopera&ccedil;&atilde;o entre o governo, setor privado e cidad&atilde;os. Apenas com um compromisso coletivo e a&ccedil;&otilde;es concretas ser&aacute; poss&iacute;vel assegurar a conserva&ccedil;&atilde;o ambiental para as futuras gera&ccedil;&otilde;es.<\/p>\n<p>Para mais informa&ccedil;&otilde;es, basta acessar o site: <a rel=\"nofollow noopener\" target=\"_blank\" href=\"https:\/\/greenviewgv.com.br\/\">https:\/\/greenviewgv.com.br\/<\/a><\/p>\n<p><img src='https:\/\/api.dino.com.br\/v2\/news\/tr\/297765?partnerId=4067' alt=\"\" style=\"border:0px;width:1px;height:1px;\" \/><\/p>\n","protected":false},"excerpt":{"rendered":"<p>Responsabilidade ambiental \u00e9 um compromisso coletivo<\/p>\n","protected":false},"author":2,"featured_media":418,"comment_status":"closed","ping_status":"open","sticky":false,"template":"","format":"standard","meta":{"footnotes":""},"categories":[2],"tags":[36,4,17,26,30],"class_list":["post-417","post","type-post","status-publish","format-standard","has-post-thumbnail","hentry","category-noticias-corporativas-dino","tag-agricultura","tag-economia","tag-empreendedorismo","tag-industrias","tag-meio-ambiente"],"_links":{"self":[{"href":"https:\/\/devonline.net.br\/dino\/wp-json\/wp\/v2\/posts\/417","targetHints":{"allow":["GET"]}}],"collection":[{"href":"https:\/\/devonline.net.br\/dino\/wp-json\/wp\/v2\/posts"}],"about":[{"href":"https:\/\/devonline.net.br\/dino\/wp-json\/wp\/v2\/types\/post"}],"author":[{"embeddable":true,"href":"https:\/\/devonline.net.br\/dino\/wp-json\/wp\/v2\/users\/2"}],"replies":[{"embeddable":true,"href":"https:\/\/devonline.net.br\/dino\/wp-json\/wp\/v2\/comments?post=417"}],"version-history":[{"count":0,"href":"https:\/\/devonline.net.br\/dino\/wp-json\/wp\/v2\/posts\/417\/revisions"}],"wp:featuredmedia":[{"embeddable":true,"href":"https:\/\/devonline.net.br\/dino\/wp-json\/wp\/v2\/media\/418"}],"wp:attachment":[{"href":"https:\/\/devonline.net.br\/dino\/wp-json\/wp\/v2\/media?parent=417"}],"wp:term":[{"taxonomy":"category","embeddable":true,"href":"https:\/\/devonline.net.br\/dino\/wp-json\/wp\/v2\/categories?post=417"},{"taxonomy":"post_tag","embeddable":true,"href":"https:\/\/devonline.net.br\/dino\/wp-json\/wp\/v2\/tags?post=417"}],"curies":[{"name":"wp","href":"https:\/\/api.w.org\/{rel}","templated":true}]}}