{"id":398,"date":"2023-12-05T13:47:17","date_gmt":"2023-12-05T16:47:17","guid":{"rendered":"https:\/\/devonline.net.br\/dino\/294233-cancer-deve-ser-a-maior-causa-de-mortes-no-brasil-ate-2030\/"},"modified":"2023-12-05T13:47:17","modified_gmt":"2023-12-05T16:47:17","slug":"294233-cancer-deve-ser-a-maior-causa-de-mortes-no-brasil-ate-2030","status":"publish","type":"post","link":"https:\/\/devonline.net.br\/dino\/294233-cancer-deve-ser-a-maior-causa-de-mortes-no-brasil-ate-2030\/","title":{"rendered":"C\u00e2ncer deve ser a maior causa de mortes no Brasil at\u00e9 2030"},"content":{"rendered":"<p>De acordo com dados coletados pelo Observat\u00f3rio de Oncologia, plataforma online e din\u00e2mica de monitoramento de dados da \u00e1rea de oncologia no Brasil, uma iniciativa lan\u00e7ada em 2015 pelo Movimento Todos Juntos Contra o C\u00e2ncer, entre 2029 e 2030, o<a rel=\"nofollow noopener\" target=\"_blank\" href=\"https:\/\/www.camara.leg.br\/noticias\/973316-cancer-deve-ser-a-primeira-causa-de-mortes-no-pais-ate-2030-diz-observatorio-de-oncolologia\/\" data-mce-href=\"https:\/\/www.camara.leg.br\/noticias\/973316-cancer-deve-ser-a-primeira-causa-de-mortes-no-pais-ate-2030-diz-observatorio-de-oncolologia\/\"> c\u00e2ncer<\/a> deve ultrapassar as doen\u00e7as cardiovasculares e se tornar a principal causa de mortes no pa\u00eds.<\/p>\n<p>Ainda segundo a plataforma, entre 1996 e 2020, houve um crescimento de 122% nas mortes causadas por tumores, ao passo que as mortes decorrentes de doen\u00e7as cardiovasculares aumentaram 43%.<\/p>\n<p>Dados obtidos pela entidade revelam que, em 606 munic\u00edpios brasileiros, o c\u00e2ncer j\u00e1 \u00e9 a principal causa de morte da popula\u00e7\u00e3o. A maior parte dessas localidades \u2013 83% \u2013 est\u00e1 situada nas regi\u00f5es Sul e Sudeste. No Brasil, segundo o Instituto Brasileiro de Geografia e Estat\u00edstica (IBGE), h\u00e1 um total de<a rel=\"nofollow noopener\" target=\"_blank\" href=\"https:\/\/agenciadenoticias.ibge.gov.br\/agencia-noticias\/2012-agencia-de-noticias\/noticias\/36532-ibge-atualiza-dados-geograficos-de-estados-e-municipios-brasileiros\" data-mce-href=\"https:\/\/agenciadenoticias.ibge.gov.br\/agencia-noticias\/2012-agencia-de-noticias\/noticias\/36532-ibge-atualiza-dados-geograficos-de-estados-e-municipios-brasileiros\"> 5.568<\/a> munic\u00edpios.<\/p>\n<p>Antonio Luccisano, s\u00f3cio da Tech Four Medical, empresa que atua na importa\u00e7\u00e3o de produtos da sa\u00fade, observa que, se o c\u00e2ncer for detectado precocemente e tratado da maneira adequada, h\u00e1 grande chance de cura.<\/p>\n<p>O diagn\u00f3stico, explica Luccisano, pode ser feito por meio de exame cl\u00ednico em uma consulta de rotina, com a palpa\u00e7\u00e3o de \u00e1reas \u00e0 procura de n\u00f3dulos, a avalia\u00e7\u00e3o de mudan\u00e7as na pele e outros m\u00e9todos de inspe\u00e7\u00e3o visual. Entre as principais formas de diagnosticar a doen\u00e7a, ele tamb\u00e9m destaca os exames de imagem, como radiografias, tomografias computadorizadas, resson\u00e2ncias magn\u00e9ticas, ultrassonografias e PET-TC (tomografias computadorizadas por emiss\u00e3o de p\u00f3sitrons); a bi\u00f3psia; os testes gen\u00e9ticos; e os exames de sangue.<\/p>\n<p>\u201cAl\u00e9m desses, a endoscopia pode ser usada para examinar o interior do trato gastrointestinal e coletar amostras de tecido para bi\u00f3psia, identificando c\u00e2nceres que se originam em \u00f3rg\u00e3os internos, como o c\u00e2ncer de c\u00f3lon ou de es\u00f4fago\u201d, esclarece.<\/p>\n<p><strong>Avan\u00e7os no diagn\u00f3stico de c\u00e2ncer<\/strong><\/p>\n<p>O s\u00f3cio da Tech Four Medical ressalta que, nos \u00faltimos anos, ocorreram diversos avan\u00e7os na \u00e1rea do diagn\u00f3stico de c\u00e2ncer. \u201cA identifica\u00e7\u00e3o de muta\u00e7\u00f5es gen\u00e9ticas espec\u00edficas relacionadas ao c\u00e2ncer tornaram os testes gen\u00e9ticos mais precisos para determinar a predisposi\u00e7\u00e3o ao c\u00e2ncer e orientar o tratamento\u201d, exemplifica.<\/p>\n<p>Luccisano acrescenta que h\u00e1 avan\u00e7o tamb\u00e9m na qualidade das t\u00e9cnicas de obten\u00e7\u00e3o de imagens m\u00e9dicas, aumentando a capacidade de diagn\u00f3stico e ajudando m\u00e9dicos a identificar tumores menores e a entender melhor a dissemina\u00e7\u00e3o do c\u00e2ncer.<\/p>\n<p>O especialista tamb\u00e9m avalia que a medicina de precis\u00e3o, caracterizada por considerar caracter\u00edsticas individuais do paciente para a preven\u00e7\u00e3o e o tratamento de doen\u00e7as, tamb\u00e9m tem levado ao desenvolvimento de terapias mais eficazes e com menos efeitos colaterais.<\/p>\n<p>Outro avan\u00e7o, segundo ele, foi o surgimento do teste de bi\u00f3psia l\u00edquida, indicado para pacientes em tratamento oncol\u00f3gico. Realizado por meio de uma amostra de sangue, o exame \u00e9 capaz de identificar nele fragmentos de DNA que se desprenderam da c\u00e9lula tumoral. \u201cEle permite a detec\u00e7\u00e3o de DNA tumoral circulante e biomarcadores no sangue, o que pode ser \u00fatil para monitorar a resposta ao tratamento e detectar recorr\u00eancias precocemente.\u201d<\/p>\n<p>Na avalia\u00e7\u00e3o de Antonio Luccisano, tais avan\u00e7os t\u00eam auxiliado no diagn\u00f3stico precoce da doen\u00e7a e contribu\u00eddo para que os tratamentos sejam mais eficazes e os pacientes tenham melhores resultados. \u201cNo entanto, \u00e9 importante ressaltar que o diagn\u00f3stico e o tratamento do c\u00e2ncer ainda representam desafios significativos, e a pesquisa continua a avan\u00e7ar nessa \u00e1rea\u201d, conclui.<\/p>\n<p>Para saber mais, basta acessar<a rel=\"nofollow noopener\" target=\"_blank\" href=\"https:\/\/techfourmedical.com\/\" data-mce-href=\"https:\/\/techfourmedical.com\/\"> https:\/\/techfourmedical.com\/<\/a><\/p>\n<p><img src='https:\/\/api.dino.com.br\/v2\/news\/tr\/294233?partnerId=4067' alt=\"\" style=\"border:0px;width:1px;height:1px;\" \/><\/p>\n","protected":false},"excerpt":{"rendered":"<p>Pesquisa aponta o crescimento de casos da doen\u00e7a no pa\u00eds; especialista, no entanto, destaca avan\u00e7os na \u00e1rea de diagn\u00f3sticos e avalia que eles t\u00eam contribu\u00eddo para que a doen\u00e7a seja identificada mais cedo e para que os tratamentos sejam mais eficazes<\/p>\n","protected":false},"author":2,"featured_media":399,"comment_status":"closed","ping_status":"open","sticky":false,"template":"","format":"standard","meta":{"footnotes":""},"categories":[2],"tags":[52,32,12],"class_list":["post-398","post","type-post","status-publish","format-standard","has-post-thumbnail","hentry","category-noticias-corporativas-dino","tag-ciencia","tag-saude-e-bem-estar","tag-tecnologia"],"_links":{"self":[{"href":"https:\/\/devonline.net.br\/dino\/wp-json\/wp\/v2\/posts\/398","targetHints":{"allow":["GET"]}}],"collection":[{"href":"https:\/\/devonline.net.br\/dino\/wp-json\/wp\/v2\/posts"}],"about":[{"href":"https:\/\/devonline.net.br\/dino\/wp-json\/wp\/v2\/types\/post"}],"author":[{"embeddable":true,"href":"https:\/\/devonline.net.br\/dino\/wp-json\/wp\/v2\/users\/2"}],"replies":[{"embeddable":true,"href":"https:\/\/devonline.net.br\/dino\/wp-json\/wp\/v2\/comments?post=398"}],"version-history":[{"count":0,"href":"https:\/\/devonline.net.br\/dino\/wp-json\/wp\/v2\/posts\/398\/revisions"}],"wp:featuredmedia":[{"embeddable":true,"href":"https:\/\/devonline.net.br\/dino\/wp-json\/wp\/v2\/media\/399"}],"wp:attachment":[{"href":"https:\/\/devonline.net.br\/dino\/wp-json\/wp\/v2\/media?parent=398"}],"wp:term":[{"taxonomy":"category","embeddable":true,"href":"https:\/\/devonline.net.br\/dino\/wp-json\/wp\/v2\/categories?post=398"},{"taxonomy":"post_tag","embeddable":true,"href":"https:\/\/devonline.net.br\/dino\/wp-json\/wp\/v2\/tags?post=398"}],"curies":[{"name":"wp","href":"https:\/\/api.w.org\/{rel}","templated":true}]}}