{"id":385,"date":"2023-12-05T01:57:03","date_gmt":"2023-12-05T04:57:03","guid":{"rendered":"https:\/\/devonline.net.br\/dino\/298624-andersen-global-acrescenta-recursos-juridicos-na-irlanda-com-a-cooperacao-da-empresa-philip-lee-llp\/"},"modified":"2023-12-05T01:57:03","modified_gmt":"2023-12-05T04:57:03","slug":"298624-andersen-global-acrescenta-recursos-juridicos-na-irlanda-com-a-cooperacao-da-empresa-philip-lee-llp","status":"publish","type":"post","link":"https:\/\/devonline.net.br\/dino\/298624-andersen-global-acrescenta-recursos-juridicos-na-irlanda-com-a-cooperacao-da-empresa-philip-lee-llp\/","title":{"rendered":"Andersen Global acrescenta recursos jur\u00eddicos na Irlanda com a coopera\u00e7\u00e3o da empresa Philip Lee LLP"},"content":{"rendered":"<p xmlns=\"http:\/\/www.w3.org\/1999\/xhtml\"><a href=\"https:\/\/cts.businesswire.com\/ct\/CT?id=smartlink&amp;url=https%3A%2F%2Fglobal.andersen.com&amp;esheet=53866063&amp;newsitemid=20231204658666&amp;lan=pt-BR&amp;anchor=Andersen+Global&amp;index=1&amp;md5=19544eb5e624245fd783939ffad73c44\" rel=\"nofollow noopener\" shape=\"rect\" target=\"_blank\">Andersen Global<\/a> expande ainda mais sua plataforma na Irlanda por meio de um Contrato de Coopera\u00e7\u00e3o com a <a href=\"https:\/\/cts.businesswire.com\/ct\/CT?id=smartlink&amp;url=https%3A%2F%2Fwww.philiplee.ie%2F&amp;esheet=53866063&amp;newsitemid=20231204658666&amp;lan=pt-BR&amp;anchor=Philip+Lee+LLP&amp;index=2&amp;md5=8a9685a6095da342145514be919659df\" rel=\"nofollow noopener\" shape=\"rect\" target=\"_blank\">Philip Lee LLP<\/a>, ao acrescentar servi\u00e7os jur\u00eddicos complementares \u00e0s suas capacidades fiscais existentes no pa\u00eds.<\/p>\n<p xmlns=\"http:\/\/www.w3.org\/1999\/xhtml\">\nA Philip Lee LLP foi fundada em 1993 como uma empresa butique e desde ent\u00e3o cresceu para ser um escrit\u00f3rio de advocacia de servi\u00e7o completo com capacidades em \u00e1reas como blockchain, tecnologia, constru\u00e7\u00e3o, bancos, seguran\u00e7a cibern\u00e9tica, emprego, energia e recursos naturais, m\u00eddia, concorr\u00eancia, propriedade e produtos farmac\u00eauticos. Com sede em Dublin e liderada pelo s\u00f3cio-gerente, Jonathan Kelly, a empresa trabalha com clientes em mais de 100 pa\u00edses para oferecer solu\u00e7\u00f5es personalizadas.<\/p>\n<p xmlns=\"http:\/\/www.w3.org\/1999\/xhtml\">\nO presidente da Andersen Global e diretor executivo da Andersen, Mark Vorsatz, disse: &#8220;Philip Lee \u00e9 uma soma importante&agrave;nossa plataforma mundial&agrave;medida que continuamos expandindo os recursos para prestar servi\u00e7os cont\u00ednuos e sem fronteiras. Jonathan e sua equipe compartilham nossa paix\u00e3o pela administra\u00e7\u00e3o e ir\u00e3o proporcionar um valioso conhecimento a nossos membros e empresas colaboradoras.&#8221;<\/p>\n<p xmlns=\"http:\/\/www.w3.org\/1999\/xhtml\">\n&#8220;Nossa equipe adquire uma profunda compreens\u00e3o dos requisitos comerciais e jur\u00eddicos de cada cliente e reconhece a necessidade de nossos clientes por servi\u00e7os profissionais integrados e multidisciplinares&#8221;, compartilhou Kelly. &#8220;Nossa coopera\u00e7\u00e3o com a Andersen Global aperfei\u00e7oa nossas capacidades fiscais com os recursos de uma empresa internacional e consolida nosso compromisso de manter uma vantagem competitiva no mercado.&#8221;<\/p>\n<p xmlns=\"http:\/\/www.w3.org\/1999\/xhtml\">\nA <a href=\"https:\/\/cts.businesswire.com\/ct\/CT?id=smartlink&amp;url=https%3A%2F%2Fglobal.andersen.com%2F&amp;esheet=53866063&amp;newsitemid=20231204658666&amp;lan=pt-BR&amp;anchor=Andersen+Global&amp;index=3&amp;md5=8a7a87982b38e1a5f1945b2f363064bb\" rel=\"nofollow noopener\" shape=\"rect\" target=\"_blank\">Andersen Global<\/a> \u00e9 uma associa\u00e7\u00e3o internacional de empresas-membro independentes e legalmente separadas, compreendendo profissionais tribut\u00e1rios, jur\u00eddicos e de avalia\u00e7\u00e3o de todo o mundo. Fundada em 2013 pela empresa-membro dos EUA, Andersen Tax LLC, a Andersen Global possui agora mais de 14.000 profissionais a n\u00edvel internacional com presen\u00e7a em mais de 400 localidades mediante suas empresas-membro e empresas colaboradoras.<\/p>\n<p xmlns=\"http:\/\/www.w3.org\/1999\/xhtml\">\nO texto no idioma original deste an\u00fancio \u00e9 a vers\u00e3o oficial autorizada. As tradu\u00e7\u00f5es s\u00e3o fornecidas apenas como uma facilidade e devem se referir ao texto no idioma original, que \u00e9 a \u00fanica vers\u00e3o do texto que tem efeito legal.<\/p>\n<p xmlns=\"http:\/\/www.w3.org\/1999\/xhtml\"><img decoding=\"async\" alt=\"\" src=\"https:\/\/cts.businesswire.com\/ct\/CT?id=bwnews&amp;sty=20231204658666r1&amp;sid=brdno&amp;distro=ftp\"><span class=\"bwct31415\"><\/span><\/p>\n<p id=\"mmgallerylink\" xmlns=\"http:\/\/www.w3.org\/1999\/xhtml\"><span id=\"mmgallerylink-phrase\">Ver a vers\u00e3o original em businesswire.com: <\/span><span id=\"mmgallerylink-link\"><a href=\"https:\/\/www.businesswire.com\/news\/home\/20231204658666\/pt\/\" rel=\"nofollow noopener\" target=\"_blank\">https:\/\/www.businesswire.com\/news\/home\/20231204658666\/pt\/<\/a><\/span><\/p>\n<p><b>Contato:<\/b><\/p>\n<p>\nMegan Tsuei\n<\/p>\n<p>Andersen Global\n<\/p>\n<p>415-764-2700<\/p>\n<p><strong>Fonte: <\/strong><a href='http:\/\/www.businesswire.com\/portal\/site\/home\/' target='_blank' rel=\"noopener\">BUSINESS WIRE<\/a><img src='https:\/\/api.dino.com.br\/v2\/news\/tr\/298624?partnerId=4067' alt=\"\" style=\"border:0px;width:1px;height:1px;\" \/><\/p>\n","protected":false},"excerpt":{"rendered":"<p>Andersen Global expande ainda mais sua plataforma na Irlanda por meio de um Contrato de Coopera\u00e7\u00e3o com a Philip Lee LLP, ao acrescentar servi\u00e7os jur\u00eddicos complementares \u00e0s suas capacidades fiscais existentes no pa\u00eds. A Philip Lee LLP foi fundada em 1993 como uma empresa butique e desde ent\u00e3o cresceu para ser um escrit\u00f3rio de advocacia [&hellip;]<\/p>\n","protected":false},"author":2,"featured_media":0,"comment_status":"closed","ping_status":"open","sticky":false,"template":"","format":"standard","meta":{"footnotes":""},"categories":[2],"tags":[4,58,3],"class_list":["post-385","post","type-post","status-publish","format-standard","hentry","category-noticias-corporativas-dino","tag-economia","tag-judiciario","tag-negocios"],"_links":{"self":[{"href":"https:\/\/devonline.net.br\/dino\/wp-json\/wp\/v2\/posts\/385","targetHints":{"allow":["GET"]}}],"collection":[{"href":"https:\/\/devonline.net.br\/dino\/wp-json\/wp\/v2\/posts"}],"about":[{"href":"https:\/\/devonline.net.br\/dino\/wp-json\/wp\/v2\/types\/post"}],"author":[{"embeddable":true,"href":"https:\/\/devonline.net.br\/dino\/wp-json\/wp\/v2\/users\/2"}],"replies":[{"embeddable":true,"href":"https:\/\/devonline.net.br\/dino\/wp-json\/wp\/v2\/comments?post=385"}],"version-history":[{"count":0,"href":"https:\/\/devonline.net.br\/dino\/wp-json\/wp\/v2\/posts\/385\/revisions"}],"wp:attachment":[{"href":"https:\/\/devonline.net.br\/dino\/wp-json\/wp\/v2\/media?parent=385"}],"wp:term":[{"taxonomy":"category","embeddable":true,"href":"https:\/\/devonline.net.br\/dino\/wp-json\/wp\/v2\/categories?post=385"},{"taxonomy":"post_tag","embeddable":true,"href":"https:\/\/devonline.net.br\/dino\/wp-json\/wp\/v2\/tags?post=385"}],"curies":[{"name":"wp","href":"https:\/\/api.w.org\/{rel}","templated":true}]}}