{"id":359,"date":"2023-12-04T15:12:29","date_gmt":"2023-12-04T18:12:29","guid":{"rendered":"https:\/\/devonline.net.br\/dino\/291252-definicao-da-bitola-dos-cabos-eletricos-exige-cuidados-especificos\/"},"modified":"2023-12-04T15:12:29","modified_gmt":"2023-12-04T18:12:29","slug":"291252-definicao-da-bitola-dos-cabos-eletricos-exige-cuidados-especificos","status":"publish","type":"post","link":"https:\/\/devonline.net.br\/dino\/291252-definicao-da-bitola-dos-cabos-eletricos-exige-cuidados-especificos\/","title":{"rendered":"Defini\u00e7\u00e3o da bitola dos cabos el\u00e9tricos exige cuidados espec\u00edficos"},"content":{"rendered":"<p>Os fios e cabos el\u00e9tricos s\u00e3o os respons\u00e1veis por levar a energia desde o padr\u00e3o de entrada, onde est\u00e1 localizado o medidor, at\u00e9 os pontos de utiliza\u00e7\u00e3o como as tomadas e as l\u00e2mpadas. O seu correto dimensionamento \u00e9 fundamental, caso contr\u00e1rio poder\u00e3o surgir problemas de seguran\u00e7a como sobrecargas, curtos-circuitos e at\u00e9 mesmo inc\u00eandios.<\/p>\n<p>\u00c9 justamente atrav\u00e9s do dimensionamento realizado no projeto el\u00e9trico que ser\u00e3o definidas as se\u00e7\u00f5es nominais (\u201cbitolas\u201d) dos condutores que ser\u00e3o usados em cada circuito el\u00e9trico. Em constru\u00e7\u00f5es residenciais, esse trabalho deve estar de acordo com a norma t\u00e9cnica <a rel=\"nofollow noopener\" target=\"_blank\" href=\"https:\/\/www.produttivo.com.br\/blog\/nbr-5410\/\" data-mce-href=\"https:\/\/www.produttivo.com.br\/blog\/nbr-5410\/\">NBR 5410 da ABNT<\/a> (Associa\u00e7\u00e3o Brasileira de Normas T\u00e9cnicas) sobre Instala\u00e7\u00f5es El\u00e9tricas de Baixa Tens\u00e3o.<\/p>\n<p>Para determinar qual a se\u00e7\u00e3o nominal dos cabos el\u00e9tricos que deve ser usada em cada circuito, o professor e engenheiro eletricista Hilton Moreno, que tamb\u00e9m \u00e9 consultor t\u00e9cnico da COBRECOM, explica que, em primeiro lugar, deve ser definida a corrente el\u00e9trica que ir\u00e1 passar pelo cabo e que \u00e9 estabelecida pela pot\u00eancia da carga el\u00e9trica a ser alimentada por aquele dado circuito.<\/p>\n<p>\u201cA dist\u00e2ncia da carga el\u00e9trica at\u00e9 a origem do circuito tamb\u00e9m \u00e9 muito importante. Al\u00e9m disso, a maneira de instalar o circuito (eletroduto, canaleta, enterrado, entre outros), a quantidade de circuitos agrupados e a temperatura ambiente no local da instala\u00e7\u00e3o s\u00e3o fatores muito importantes para o c\u00e1lculo da se\u00e7\u00e3o nominal do cabo\u201d, acrescenta Moreno.<\/p>\n<p>O professor ainda esclarece que o tipo de cabo el\u00e9trico a ser utilizado em um dado circuito deve ser escolhido antes da realiza\u00e7\u00e3o do c\u00e1lculo da se\u00e7\u00e3o nominal, pois isto tem influ\u00eancia direta na se\u00e7\u00e3o final do cabo.<\/p>\n<p>\u201cPor exemplo, para dois circuitos com a mesma corrente el\u00e9trica de projeto (carga), a se\u00e7\u00e3o nominal final de um circuito pode ser diferente quando se utiliza um cabo isolado em PVC, 450\/750 V, 70 \u00baC em rela\u00e7\u00e3o a um cabo isolado em HEPR, 0,6\/1 kV, 90 \u00baC\u201d, ressalta Hilton Moreno.<\/p>\n<p>Al\u00e9m disso, para o correto dimensionamento do cabo de cada circuito \u00e9 necess\u00e1rio aplicar simultaneamente cinco crit\u00e9rios: se\u00e7\u00e3o m\u00ednima, capacidade de corrente, queda de tens\u00e3o, sobrecarga e curto-circuito.<\/p>\n<p>De acordo com Paulo Sandrini Pozetti, instrutor t\u00e9cnico da <strong>COBRECOM<\/strong>, a utiliza\u00e7\u00e3o de fios e cabos el\u00e9tricos com se\u00e7\u00f5es nominais inferiores ao que foi dimensionado no projeto el\u00e9trico pode comprometer a seguran\u00e7a da instala\u00e7\u00e3o, j\u00e1 que os condutores trabalhar\u00e3o sobrecarregados e haver\u00e1 aquecimento maior do que a isola\u00e7\u00e3o do cabo pode suportar, o que pode gerar problemas como consumo energ\u00e9tico maior, riscos de choques el\u00e9tricos, curtos-circuitos e sobrecargas que podem gerar inc\u00eandios.<\/p>\n<p>\u201cOutro problema que aparece ao subdimensionar fios e cabos el\u00e9tricos \u00e9 que, ao entrar em regime de sobrecarga, a vida \u00fatil dos condutores reduzir\u00e1 drasticamente. Al\u00e9m disso, haver\u00e1 o aumento da queda de tens\u00e3o no condutor, que pode resultar em mau funcionamento dos aparelhos eletroeletr\u00f4nicos e de ilumina\u00e7\u00e3o, al\u00e9m de motores, cargas de aquecimento, entre outros\u201d, aponta Hilton Moreno.<\/p>\n<p>Principais erros nesta etapa<\/p>\n<p>A falta de um projeto el\u00e9trico dimensionado corretamente \u00e9 o principal erro que pode resultar na especifica\u00e7\u00e3o de fios e cabos el\u00e9tricos com se\u00e7\u00e3o nominal (bitola) menor que o necess\u00e1rio para cada circuito.<\/p>\n<p>Por isso, o propriet\u00e1rio da obra deve informar o autor do projeto quais equipamentos el\u00e9tricos e quais eletroeletr\u00f4nicos ser\u00e3o instalados na resid\u00eancia.<\/p>\n<p>Segundo Hilton Moreno, em rela\u00e7\u00e3o \u00e0 escolha do tipo de cabo, o principal erro \u00e9 o uso de condutores isolados (cabos 750 V) em condutos abertos (eletrocalhas sem tampa, leitos, etc.), pois pela NBR 5410, tais cabos somente podem ser utilizados nos condutos fechados, como eletrodutos e canaletas com tampa.<\/p>\n<p>\u201cQuando o assunto \u00e9 dimensionamento, os principais erros s\u00e3o a escolha inadequada da temperatura ambiente, o esquecimento ou erro na escolha do fator de agrupamento, a n\u00e3o realiza\u00e7\u00e3o do c\u00e1lculo da queda de tens\u00e3o e a escolha errada do dispositivo de prote\u00e7\u00e3o contra sobrecorrentes\u201d, completa o consultor t\u00e9cnico da COBRECOM.<\/p>\n<p>O barato tamb\u00e9m pode sair caro na hora de definir e comprar fios e cabos el\u00e9tricos, pois de nada adianta ter o melhor projeto de instala\u00e7\u00e3o el\u00e9trica se os materiais adquiridos n\u00e3o tiverem os requisitos m\u00ednimos estabelecidos nas normas.<strong>&nbsp;<\/strong><\/p>\n<p>\u201cA cultura do pre\u00e7o mais baixo tamb\u00e9m \u00e9 um grande erro nesta etapa, pois pode levar a pessoa a comprar um produto sem certifica\u00e7\u00e3o ou levar se\u00e7\u00f5es nominais abaixo das dimensionadas no projeto el\u00e9trico\u201d, alerta Paulo Sandrini Pozetti.<\/p>\n<p>Para acertar<\/p>\n<p>Sempre compre os condutores el\u00e9tricos com as se\u00e7\u00f5es nominais especificadas pelo engenheiro eletricista ou outro profissional respons\u00e1vel pela obra. Ao utilizar fios e cabos com as se\u00e7\u00f5es corretas, voc\u00ea ter\u00e1 uma instala\u00e7\u00e3o segura e sem os riscos de ter gastos a mais com a conta de energia el\u00e9trica por causa do aquecimento excessivo do material.<\/p>\n<p>Hilton Moreno adverte: n\u00e3o basta ter os melhores fios e cabos el\u00e9tricos se eles n\u00e3o forem dimensionados corretamente. De acordo com o profissional, a NBR 5410 define a se\u00e7\u00e3o m\u00ednima dos condutores para alguns tipos de circuitos. O de ilumina\u00e7\u00e3o, por exemplo, \u00e9 de 1,5 mm\u00b2; e para circuitos de for\u00e7a, que incluem tomadas, \u00e9 de 2,5 mm\u00b2.<\/p>\n<p>\u201cTamb\u00e9m \u00e9 importante contratar sempre um profissional competente para fazer o dimensionamento correto, sem utilizar qualquer tipo de gambiarras ou gatos e contratar o profissional eletricista que fa\u00e7a a instala\u00e7\u00e3o de acordo com a NBR 5410, com produtos e equipamentos de qualidade\u201d, recomenda Pozetti.<\/p>\n<p><img src='https:\/\/api.dino.com.br\/v2\/news\/tr\/291252?partnerId=4067' alt=\"\" style=\"border:0px;width:1px;height:1px;\" \/><\/p>\n","protected":false},"excerpt":{"rendered":"<p>De acordo com a COBRECOM, fabricante de fios e cabos de baixa tens\u00e3o, para essa tarefa \u00e9 essencial realizar o dimensionamento completo do projeto el\u00e9trico<\/p>\n","protected":false},"author":2,"featured_media":0,"comment_status":"closed","ping_status":"open","sticky":false,"template":"","format":"standard","meta":{"footnotes":""},"categories":[2],"tags":[40,68,41,28,3],"class_list":["post-359","post","type-post","status-publish","format-standard","hentry","category-noticias-corporativas-dino","tag-arquitetura","tag-casa-e-familia","tag-construcao-civil","tag-engenharia","tag-negocios"],"_links":{"self":[{"href":"https:\/\/devonline.net.br\/dino\/wp-json\/wp\/v2\/posts\/359","targetHints":{"allow":["GET"]}}],"collection":[{"href":"https:\/\/devonline.net.br\/dino\/wp-json\/wp\/v2\/posts"}],"about":[{"href":"https:\/\/devonline.net.br\/dino\/wp-json\/wp\/v2\/types\/post"}],"author":[{"embeddable":true,"href":"https:\/\/devonline.net.br\/dino\/wp-json\/wp\/v2\/users\/2"}],"replies":[{"embeddable":true,"href":"https:\/\/devonline.net.br\/dino\/wp-json\/wp\/v2\/comments?post=359"}],"version-history":[{"count":0,"href":"https:\/\/devonline.net.br\/dino\/wp-json\/wp\/v2\/posts\/359\/revisions"}],"wp:attachment":[{"href":"https:\/\/devonline.net.br\/dino\/wp-json\/wp\/v2\/media?parent=359"}],"wp:term":[{"taxonomy":"category","embeddable":true,"href":"https:\/\/devonline.net.br\/dino\/wp-json\/wp\/v2\/categories?post=359"},{"taxonomy":"post_tag","embeddable":true,"href":"https:\/\/devonline.net.br\/dino\/wp-json\/wp\/v2\/tags?post=359"}],"curies":[{"name":"wp","href":"https:\/\/api.w.org\/{rel}","templated":true}]}}