{"id":347,"date":"2023-12-04T13:34:42","date_gmt":"2023-12-04T16:34:42","guid":{"rendered":"https:\/\/devonline.net.br\/dino\/297967-aline-guimaraes-promove-design-de-experiencia-em-eventos\/"},"modified":"2023-12-04T13:34:42","modified_gmt":"2023-12-04T16:34:42","slug":"297967-aline-guimaraes-promove-design-de-experiencia-em-eventos","status":"publish","type":"post","link":"https:\/\/devonline.net.br\/dino\/297967-aline-guimaraes-promove-design-de-experiencia-em-eventos\/","title":{"rendered":"Aline Guimar\u00e3es promove design de experi\u00eancia em eventos"},"content":{"rendered":"<p>O setor de eventos contribui substancialmente para a economia, <a rel=\"nofollow noopener\" target=\"_blank\" href=\"https:\/\/abrape.com.br\/numeros-do-setor\/\" data-mce-href=\"https:\/\/abrape.com.br\/numeros-do-setor\/\">representando 3,8% do Produto Interno Bruto do Brasil, segundo dados do Minist\u00e9rio do Trabalho, Receita Federal e IBGE, compilados pela ABRAPE<\/a>. Embora o impacto do setor deixe uma marca na economia do Brasil, os momentos de celebra\u00e7\u00e3o ainda s\u00e3o a mola propulsora do setor e, neste cen\u00e1rio, surge uma nova profiss\u00e3o: <a rel=\"nofollow noopener\" target=\"_blank\" href=\"https:\/\/www.hoteliernews.com.br\/marriott-divulga-estudo-voltado-para-o-setor-de-eventos\/\" data-mce-href=\"https:\/\/www.hoteliernews.com.br\/marriott-divulga-estudo-voltado-para-o-setor-de-eventos\/\">a design de experi\u00eancias<\/a>. Especialista em organiza\u00e7\u00e3o de eventos, Aline Guimar\u00e3es explica sobre a vertente do setor de eventos.<\/p>\n<p>Dados da Associa\u00e7\u00e3o Brasileira de Promotores de Eventos d\u00e3o conta de que <a rel=\"nofollow noopener\" target=\"_blank\" href=\"https:\/\/abrape.com.br\/numeros-do-setor\/\" data-mce-href=\"https:\/\/abrape.com.br\/numeros-do-setor\/\">o setor emprega 6,6 milh\u00f5es de pessoas em todo o hub setorial<\/a>. Os eventos n\u00e3o s\u00f3 geram oportunidades de emprego como tamb\u00e9m influenciam a din\u00e2mica social e econ\u00f4mica do pa\u00eds. Por isso, Aline explica que estar na vanguarda \u00e9 imprescind\u00edvel neste setor. \u201cTrabalho com eventos desde os 16 anos. Cresci vendo minha m\u00e3e fazer eventos na escola que ela trabalhava. \u00c9 algo que fa\u00e7o com muito empenho e detalhismo\u201d, diz a assessora de eventos.<\/p>\n<p><a rel=\"nofollow noopener\" target=\"_blank\" href=\"https:\/\/www.evernote.com\/shard\/s462\/client\/snv?isnewsnv=true&amp;noteGuid=c1d7eabf-6011-450f-a610-b1989d0baff0&amp;noteKey=584eb2ca00dda69cf24a1b493d6ecd5c&amp;sn=https%3A%2F%2Fwww.evernote.com%2Fshard%2Fs462%2Fsh%2Fc1d7eabf-6011-450f-a610-b1989d0baff0%2F584eb2ca00dda69cf24a1b493d6ecd5c&amp;title=PERFIL%2B%25E2%2580%2593%2BALINE%2BGUIMAR%25C3%2583ES\" data-mce-href=\"https:\/\/www.evernote.com\/shard\/s462\/client\/snv?isnewsnv=true&amp;noteGuid=c1d7eabf-6011-450f-a610-b1989d0baff0&amp;noteKey=584eb2ca00dda69cf24a1b493d6ecd5c&amp;sn=https%3A%2F%2Fwww.evernote.com%2Fshard%2Fs462%2Fsh%2Fc1d7eabf-6011-450f-a610-b1989d0baff0%2F584eb2ca00dda69cf24a1b493d6ecd5c&amp;title=PERFIL%2B%25E2%2580%2593%2BALINE%2BGUIMAR%25C3%2583ES\">Aline Guimar\u00e3es trabalha com produ\u00e7\u00e3o de eventos h\u00e1 mais 20 anos<\/a>, mas explica que a especialidade de Design de Experi\u00eancias tem pouco mais de um ano em sua carreira. &#8220;Ao longo da minha trajet\u00f3ria como assessora, percebi que o meu trabalho transcendia a produ\u00e7\u00e3o do evento. Al\u00e9m do conceito, organiza\u00e7\u00e3o e planejamento, eu me preocupava em saber como os convidados e meus clientes poderiam experienciar sensa\u00e7\u00f5es personalizadas&#8221;, explica Aline.<\/p>\n<p>A partir desse ponto, a assessora de eventos se aprofundou nos estudos relacionados \u00e0s min\u00facias do sentir. &#8220;Em cada projeto, busco entender a ess\u00eancia e os objetivos espec\u00edficos dos meus clientes para desenhar experi\u00eancias singulares e al\u00e9m do \u00f3bvio&#8221;, explica.<\/p>\n<p>De acordo com a empres\u00e1ria, cada evento \u00e9 uma oportunidade de criar narrativas \u00fanicas. Desde a escolha intencional da identidade visual at\u00e9 a sele\u00e7\u00e3o minuciosa da m\u00fasica ambiente, o cheiro, o sabor, a coordena\u00e7\u00e3o dos tempos e movimentos, cada detalhe \u00e9 meticulosamente planejado para criar uma experi\u00eancia coesa e imersiva. \u201cAl\u00e9m disso, nos preocupamos em integrar a tecnologia nos eventos. Seja por meio de proje\u00e7\u00f5es interativas, aromas personalizados ou experi\u00eancias de realidade aumentada, utilizamos inova\u00e7\u00f5es para elevar ainda mais o n\u00edvel da experi\u00eancia do p\u00fablico\u201d, afirma Aline.<\/p>\n<p><strong>Empreendedorismo<\/strong><\/p>\n<p>A trajet\u00f3ria de Aline come\u00e7ou cedo, aos 16 anos, como empreendedora no mundo de eventos e moda. Ap\u00f3s trabalhar em grandes eventos no eixo Bras\u00edlia-S\u00e3o Paulo-Goi\u00e2nia, ela decidiu dedicar-se a realizar sonhos que envolvessem pessoas, hist\u00f3rias e sentimentos.&nbsp;<\/p>\n<p>Assim nasceu a Aline Guimar\u00e3es Assessoria e Cerimonial, uma empresa especializada em Assessoria e Cerimonial para Casamentos e Eventos, com o conceito &#8220;al\u00e9m do \u00f3bvio&#8221; que norteia todos os projetos e hoje, Aline Guimar\u00e3es Designer de Experi\u00eancias.<\/p>\n<p>Al\u00e9m da qualidade da entrega, para crescer e se manter com sucesso num setor que gera mais de 3 milh\u00f5es de empregos no Brasil, \u00e9 preciso ter habilidades de gest\u00e3o de neg\u00f3cios.<\/p>\n<p>&#8220;O segredo est\u00e1 no planejamento e na organiza\u00e7\u00e3o. Viajo o Brasil ministrando palestras e falando da import\u00e2ncia de temas como posicionamento, branding, marketing, m\u00eddias sociais, comunidade de valor, pertencimento e mentalidade para profissionais de casamento\u201d, conta a assessora e cerimonialista.<\/p>\n<p>Al\u00e9m de criar e executar projetos de experi\u00eancias para eventos, Guimar\u00e3es criou o Wedding Planner, o planner de noivas para facilitar o processo de execu\u00e7\u00e3o do projeto de cada evento. \u201cChegou um momento da minha profiss\u00e3o que virei a chave para al\u00e9m de executar. Eu queria compartilhar mais dessa experi\u00eancia com outros profissionais que gostariam de fazer o que eu estou fazendo. Por isso, hoje tamb\u00e9m tenho profissionais de casamento que s\u00e3o mentoradas (os) por mim\u201d, pontua a assessora de eventos.<\/p>\n<p><strong>Athosmosfera UAU<\/strong><\/p>\n<p>No pr\u00f3ximo dia 18 de dezembro em Bras\u00edlia, Aline Guimar\u00e3es comanda um evento imersivo para profissionais de eventos que querem conhecer mais sobre \u2018design de experi\u00eancias\u2019. Al\u00e9m de Aline, o evento ter\u00e1 palestras de Isabel Melo, Aline Marra, Lee Cruz e uma convidada surpresa que levar\u00e3o insights sobre posicionamento digital, vendas, marketing e a\u00e7\u00f5es intencionais para o sucesso no mercado de eventos. O <a rel=\"nofollow noopener\" target=\"_blank\" href=\"https:\/\/isabelmelo.com.br\/athosmosfera\/\" data-mce-href=\"https:\/\/isabelmelo.com.br\/athosmosfera\/\">Athosmosfera UAU<\/a> \u00e9 uma oportunidade tamb\u00e9m de conex\u00f5es e transforma\u00e7\u00e3o profissional.<\/p>\n<p>Aline Guimar\u00e3es compartilha todos os dias conte\u00fados de valor, tira d\u00favidas e mostra o dia a dia dos projetos de eventos que executa em seu instagram @alineguimaraesuau e @alineguimaraesassessoria.<\/p>\n<p><img src='https:\/\/api.dino.com.br\/v2\/news\/tr\/297967?partnerId=4067' alt=\"\" style=\"border:0px;width:1px;height:1px;\" \/><\/p>\n","protected":false},"excerpt":{"rendered":"<p>Setor respons\u00e1vel por 3,8% do PIB do Brasil, os eventos se desenvolvem cada vez mais com o intuito de entregar momentos memor\u00e1veis<\/p>\n","protected":false},"author":2,"featured_media":348,"comment_status":"closed","ping_status":"open","sticky":false,"template":"","format":"standard","meta":{"footnotes":""},"categories":[2],"tags":[4,17,18,3,7],"class_list":["post-347","post","type-post","status-publish","format-standard","has-post-thumbnail","hentry","category-noticias-corporativas-dino","tag-economia","tag-empreendedorismo","tag-eventos","tag-negocios","tag-sociedade"],"_links":{"self":[{"href":"https:\/\/devonline.net.br\/dino\/wp-json\/wp\/v2\/posts\/347","targetHints":{"allow":["GET"]}}],"collection":[{"href":"https:\/\/devonline.net.br\/dino\/wp-json\/wp\/v2\/posts"}],"about":[{"href":"https:\/\/devonline.net.br\/dino\/wp-json\/wp\/v2\/types\/post"}],"author":[{"embeddable":true,"href":"https:\/\/devonline.net.br\/dino\/wp-json\/wp\/v2\/users\/2"}],"replies":[{"embeddable":true,"href":"https:\/\/devonline.net.br\/dino\/wp-json\/wp\/v2\/comments?post=347"}],"version-history":[{"count":0,"href":"https:\/\/devonline.net.br\/dino\/wp-json\/wp\/v2\/posts\/347\/revisions"}],"wp:featuredmedia":[{"embeddable":true,"href":"https:\/\/devonline.net.br\/dino\/wp-json\/wp\/v2\/media\/348"}],"wp:attachment":[{"href":"https:\/\/devonline.net.br\/dino\/wp-json\/wp\/v2\/media?parent=347"}],"wp:term":[{"taxonomy":"category","embeddable":true,"href":"https:\/\/devonline.net.br\/dino\/wp-json\/wp\/v2\/categories?post=347"},{"taxonomy":"post_tag","embeddable":true,"href":"https:\/\/devonline.net.br\/dino\/wp-json\/wp\/v2\/tags?post=347"}],"curies":[{"name":"wp","href":"https:\/\/api.w.org\/{rel}","templated":true}]}}