{"id":345,"date":"2023-12-04T13:24:46","date_gmt":"2023-12-04T16:24:46","guid":{"rendered":"https:\/\/devonline.net.br\/dino\/284475-cop-28-visa-acelerar-a-mitigacao-das-mudancas-climaticas\/"},"modified":"2023-12-04T13:24:46","modified_gmt":"2023-12-04T16:24:46","slug":"284475-cop-28-visa-acelerar-a-mitigacao-das-mudancas-climaticas","status":"publish","type":"post","link":"https:\/\/devonline.net.br\/dino\/284475-cop-28-visa-acelerar-a-mitigacao-das-mudancas-climaticas\/","title":{"rendered":"COP 28 visa acelerar a mitiga\u00e7\u00e3o das mudan\u00e7as clim\u00e1ticas"},"content":{"rendered":"<p>Dubai, nos Emirados &Aacute;rabes, sediar&aacute; do dia 30 de novembro at&eacute; doze de dezembro de 2023, a 28&ordf; edi&ccedil;&atilde;o da Confer&ecirc;ncia das Partes (COP 28), evento anual promovido pela Organiza&ccedil;&atilde;o das Na&ccedil;&otilde;es Unidas, com a participa&ccedil;&atilde;o de representantes do setor p&uacute;blico, setor privado e sociedade civil, dos pa&iacute;ses-membros da Conven&ccedil;&atilde;o Quadro das Na&ccedil;&otilde;es Unidas sobre Mudan&ccedil;as do Clima (UNFCCC).<\/p>\n<p>Neste evento os pa&iacute;ses tentar&atilde;o encontrar f&oacute;rmulas para reduzir o impacto e o alcance das mudan&ccedil;as clim&aacute;ticas em curso. A produ&ccedil;&atilde;o agr&iacute;cola ser&aacute; um dos principais temas das discuss&otilde;es, as quais fundamentam as decis&otilde;es a serem tomadas pelos governos dos pa&iacute;ses participantes.<\/p>\n<p>&ldquo;A ideia de que os pa&iacute;ses tenham responsabilidades diferenciadas para que possam atender &agrave;s necessidades b&aacute;sicas de suas popula&ccedil;&otilde;es em compara&ccedil;&atilde;o com os pa&iacute;ses desenvolvidos esbarra em impactos quando se trata de altera&ccedil;&otilde;es clim&aacute;ticas&rdquo;, enfatiza a economista Vininha F. Carvalho, editora da Revista Ecotour News.<\/p>\n<p><a rel=\"nofollow noopener\" target=\"_blank\" href=\"https:\/\/www.bbc.com\/portuguese\/brasil-59065366#:~:text=O%20Brasil%20havia%20apresentado%20inicialmente,redu%C3%A7%C3%A3o%20de%2050%25%20at%C3%A9%202027.\">O Brasil, no &acirc;mbito do Acordo de Paris, se comprometeu, at&eacute; o ano de 2025, reduzir suas emiss&otilde;es de GEE em 37%<\/a> e, at&eacute; 2030, reduzir em 43%, tomando-se por base em ambos os casos as emiss&otilde;es de 2005. J&aacute; em 2060 o Brasil se comprometeu a atingir a neutralidade clim&aacute;tica.<\/p>\n<p>Al&eacute;m dos progressos com rela&ccedil;&atilde;o &agrave;s metas estabelecidas pelo Acordo de Paris, a COP 28 tocar&aacute; em pontos como: a ado&ccedil;&atilde;o de medidas para acelerar a transi&ccedil;&atilde;o energ&eacute;tica; a necessidade de se alterar o uso da terra e os sistemas de alimenta&ccedil;&atilde;o; e os instrumentos\/mecanismos capazes de propiciar aos pa&iacute;ses em desenvolvimento investir em a&ccedil;&otilde;es clim&aacute;ticas, com foco na natureza e nas pessoas. &ldquo;Al&eacute;m disso, a COP 28 pretende ser a mais inclusiva de todas as confer&ecirc;ncias realizadas at&eacute; o momento&rdquo;, salienta Vininha F. Carvalho.<\/p>\n<p><img src='https:\/\/api.dino.com.br\/v2\/news\/tr\/284475?partnerId=4067' alt=\"\" style=\"border:0px;width:1px;height:1px;\" \/><\/p>\n","protected":false},"excerpt":{"rendered":"<p>O evento ir\u00e1 discutir o combate \u00e0s mudan\u00e7as clim\u00e1ticas sob a \u00f3tica das metas estipuladas no Acordo de Paris<\/p>\n","protected":false},"author":2,"featured_media":346,"comment_status":"closed","ping_status":"open","sticky":false,"template":"","format":"standard","meta":{"footnotes":""},"categories":[2],"tags":[4,30,3,7,25],"class_list":["post-345","post","type-post","status-publish","format-standard","has-post-thumbnail","hentry","category-noticias-corporativas-dino","tag-economia","tag-meio-ambiente","tag-negocios","tag-sociedade","tag-sustentabilidade"],"_links":{"self":[{"href":"https:\/\/devonline.net.br\/dino\/wp-json\/wp\/v2\/posts\/345","targetHints":{"allow":["GET"]}}],"collection":[{"href":"https:\/\/devonline.net.br\/dino\/wp-json\/wp\/v2\/posts"}],"about":[{"href":"https:\/\/devonline.net.br\/dino\/wp-json\/wp\/v2\/types\/post"}],"author":[{"embeddable":true,"href":"https:\/\/devonline.net.br\/dino\/wp-json\/wp\/v2\/users\/2"}],"replies":[{"embeddable":true,"href":"https:\/\/devonline.net.br\/dino\/wp-json\/wp\/v2\/comments?post=345"}],"version-history":[{"count":0,"href":"https:\/\/devonline.net.br\/dino\/wp-json\/wp\/v2\/posts\/345\/revisions"}],"wp:featuredmedia":[{"embeddable":true,"href":"https:\/\/devonline.net.br\/dino\/wp-json\/wp\/v2\/media\/346"}],"wp:attachment":[{"href":"https:\/\/devonline.net.br\/dino\/wp-json\/wp\/v2\/media?parent=345"}],"wp:term":[{"taxonomy":"category","embeddable":true,"href":"https:\/\/devonline.net.br\/dino\/wp-json\/wp\/v2\/categories?post=345"},{"taxonomy":"post_tag","embeddable":true,"href":"https:\/\/devonline.net.br\/dino\/wp-json\/wp\/v2\/tags?post=345"}],"curies":[{"name":"wp","href":"https:\/\/api.w.org\/{rel}","templated":true}]}}