{"id":333,"date":"2023-12-04T11:33:07","date_gmt":"2023-12-04T14:33:07","guid":{"rendered":"https:\/\/devonline.net.br\/dino\/294342-movimento-construcao-saudavel-celebra-dia-da-impermeabilizacao-com-evento-em-sp\/"},"modified":"2023-12-04T11:33:07","modified_gmt":"2023-12-04T14:33:07","slug":"294342-movimento-construcao-saudavel-celebra-dia-da-impermeabilizacao-com-evento-em-sp","status":"publish","type":"post","link":"https:\/\/devonline.net.br\/dino\/294342-movimento-construcao-saudavel-celebra-dia-da-impermeabilizacao-com-evento-em-sp\/","title":{"rendered":"Movimento Constru\u00e7\u00e3o Saud\u00e1vel celebra Dia da Impermeabiliza\u00e7\u00e3o com evento em SP"},"content":{"rendered":"<p>O Movimento Constru&ccedil;&atilde;o Saud&aacute;vel reuniu lojistas de material de constru&ccedil;&atilde;o na &uacute;ltima sexta-feira (24), para celebrar o Dia da Impermeabiliza&ccedil;&atilde;o (11 de novembro). O encontro ocorreu no Centro de Conven&ccedil;&atilde;o Villa Lobos, em S&atilde;o Paulo (SP), sob o mote &ldquo;Construindo um futuro saud&aacute;vel: impermeabiliza&ccedil;&atilde;o, sa&uacute;de e perspectivas da constru&ccedil;&atilde;o civil para 2024&rdquo;.<\/p>\n<p>O evento contou com a participa&ccedil;&atilde;o da economista Ana Castelo, da ONG Habitat para Humanidade Brasil, do IBI, al&eacute;m das empresas associadas ao Movimento: Mactra, Sika, Vedacit e Viapol.<\/p>\n<p>A data foi criada pelo pr&oacute;prio Movimento para refor&ccedil;ar a conscientiza&ccedil;&atilde;o sobre a import&acirc;ncia da impermeabiliza&ccedil;&atilde;o para a sa&uacute;de dos im&oacute;veis e das pessoas. &ldquo;Faz parte de nosso compromisso com a sociedade promover eventos como este, que tragam conte&uacute;do de qualidade, com a participa&ccedil;&atilde;o de especialistas&rdquo;, afirma Jorge Cardoso, presidente do Movimento Constru&ccedil;&atilde;o Saud&aacute;vel.<\/p>\n<p>Castelo, mestre em economia pela USP (Universidade de S&atilde;o Paulo) e coordenadora de Projetos da Constru&ccedil;&atilde;o na Funda&ccedil;&atilde;o Get&uacute;lio Vargas\/IBRE, comandou a palestra &ldquo;Desempenho recente e desafios para o crescimento da constru&ccedil;&atilde;o&rdquo;, abordando o setor da constru&ccedil;&atilde;o versus economia: PIB (Produto Interno Bruto), emprego, custos; perspectivas, desafios e tend&ecirc;ncias, cen&aacute;rios para 2024, oportunidades, necessidades habitacionais, desafios: moderniza&ccedil;&atilde;o e agenda ESG (Governan&ccedil;a Social, Ambiental e Corporativa).<\/p>\n<p>Entre os destaques de 2023, Castelo trouxe a resili&ecirc;ncia do mercado de trabalho, o crescimento acima do esperado, com PIB (Produto Interno Bruto) de 2,9%, a queda da infla&ccedil;&atilde;o, com IPCA (&Iacute;ndice Nacional de Pre&ccedil;os ao Consumidor Amplo) de 4,63% e o in&iacute;cio do ciclo de queda da taxa Selic.&nbsp;<\/p>\n<p>J&aacute; Socorro Leite, representando a ONG Habitat para a Humanidade Brasil, falou sobre a import&acirc;ncia de resid&ecirc;ncias saud&aacute;veis, salubres e do trabalho realizado na Habitat, que tem como causa a promo&ccedil;&atilde;o da moradia como um direito humano fundamental. Entre os desafios no Brasil, Socorro citou os 24.893.961 domic&iacute;lios inadequados, que sofrem com problemas de infraestrutura urbana (energia el&eacute;trica, &aacute;gua, esgoto e coleta de lixo), car&ecirc;ncias ed&iacute;licas (inexist&ecirc;ncia de banheiro exclusivo, n&uacute;mero total de c&ocirc;modos do domic&iacute;lio igual ao n&uacute;mero de c&ocirc;modos servindo de dormit&oacute;rio, armazenamento de &aacute;gua, piso ou cobertura inadequados) ou inadequa&ccedil;&atilde;o fundi&aacute;ria urbana.<\/p>\n<p>Al&eacute;m disso, os participantes conferiram uma palestra com Jos&eacute; Miguel Morgado, diretor executivo do IBI (Instituto Brasileiro de Impermeabiliza&ccedil;&atilde;o). Jos&eacute; Miguel falou sobre a import&acirc;ncia da impermeabiliza&ccedil;&atilde;o e sua manuten&ccedil;&atilde;o em edif&iacute;cios, na reabilita&ccedil;&atilde;o de estruturas, concreto, al&eacute;m da melhoria das condi&ccedil;&otilde;es das atividades relacionadas (produtos e servi&ccedil;os), da difus&atilde;o das melhores pr&aacute;ticas t&eacute;cnicas e comerciais e do desenvolvimento t&eacute;cnico do setor da impermeabiliza&ccedil;&atilde;o.<\/p>\n<p>&ldquo;O encontro deu o merecido destaque &agrave;s iniciativas que est&atilde;o sendo realizadas em rela&ccedil;&atilde;o &agrave; conscientiza&ccedil;&atilde;o sobre um tema t&atilde;o importante como a prote&ccedil;&atilde;o das casas e da sa&uacute;de das pessoas, al&eacute;m de ser uma oportunidade para conhecermos em primeira m&atilde;o as expectativas para a constru&ccedil;&atilde;o civil em 2024&rdquo;, afirma Sammuel Sesti Minutti, diretor executivo do Movimento Constru&ccedil;&atilde;o Saud&aacute;vel.<\/p>\n<\/p>\n<p><strong>Sobre o Movimento Constru&ccedil;&atilde;o Saud&aacute;vel<\/strong><\/p>\n<p><a rel=\"nofollow noopener\" target=\"_blank\" href=\"http:\/\/construcaosaudavel.org\/\"><strong>http:\/\/construcaosaudavel.org<\/strong><\/a><\/p>\n<p>&nbsp;<\/p>\n<p>O Movimento Constru&ccedil;&atilde;o Saud&aacute;vel re&uacute;ne as principais empresas do mercado de impermeabiliza&ccedil;&atilde;o &ndash; Mactra, Sika, Vedacit e Viapol &ndash; com o objetivo de conscientizar a popula&ccedil;&atilde;o sobre a import&acirc;ncia de cuidar da sa&uacute;de das habita&ccedil;&otilde;es e das pessoas.<\/p>\n<p>Criada em 2019, a iniciativa discute os benef&iacute;cios de impermeabilizar de forma correta e as consequ&ecirc;ncias que o processo traz para a sa&uacute;de das pessoas. O Movimento promove a&ccedil;&otilde;es em eventos, revendas, home centers e demais pontos de venda.&nbsp;<\/p>\n<p>Conscientes do impacto na vida da popula&ccedil;&atilde;o e de que grande parte espera o problema aparecer ao inv&eacute;s de prevenir, as empresas criaram o Movimento para conscientizar os profissionais, ampliar a percep&ccedil;&atilde;o da sociedade sobre a import&acirc;ncia do tema e, consequentemente, fortalecer o setor para transformar essa realidade.<\/p>\n<p><img src='https:\/\/api.dino.com.br\/v2\/news\/tr\/294342?partnerId=4067' alt=\"\" style=\"border:0px;width:1px;height:1px;\" \/><\/p>\n","protected":false},"excerpt":{"rendered":"<p>O encontro conta com a participa\u00e7\u00e3o da economista Ana Castelo, da ONG Habitat para Humanidade Brasil, do IBI, al\u00e9m das empresas associadas ao Movimento<\/p>\n","protected":false},"author":2,"featured_media":334,"comment_status":"closed","ping_status":"open","sticky":false,"template":"","format":"standard","meta":{"footnotes":""},"categories":[2],"tags":[40,52,41,3,12],"class_list":["post-333","post","type-post","status-publish","format-standard","has-post-thumbnail","hentry","category-noticias-corporativas-dino","tag-arquitetura","tag-ciencia","tag-construcao-civil","tag-negocios","tag-tecnologia"],"_links":{"self":[{"href":"https:\/\/devonline.net.br\/dino\/wp-json\/wp\/v2\/posts\/333","targetHints":{"allow":["GET"]}}],"collection":[{"href":"https:\/\/devonline.net.br\/dino\/wp-json\/wp\/v2\/posts"}],"about":[{"href":"https:\/\/devonline.net.br\/dino\/wp-json\/wp\/v2\/types\/post"}],"author":[{"embeddable":true,"href":"https:\/\/devonline.net.br\/dino\/wp-json\/wp\/v2\/users\/2"}],"replies":[{"embeddable":true,"href":"https:\/\/devonline.net.br\/dino\/wp-json\/wp\/v2\/comments?post=333"}],"version-history":[{"count":0,"href":"https:\/\/devonline.net.br\/dino\/wp-json\/wp\/v2\/posts\/333\/revisions"}],"wp:featuredmedia":[{"embeddable":true,"href":"https:\/\/devonline.net.br\/dino\/wp-json\/wp\/v2\/media\/334"}],"wp:attachment":[{"href":"https:\/\/devonline.net.br\/dino\/wp-json\/wp\/v2\/media?parent=333"}],"wp:term":[{"taxonomy":"category","embeddable":true,"href":"https:\/\/devonline.net.br\/dino\/wp-json\/wp\/v2\/categories?post=333"},{"taxonomy":"post_tag","embeddable":true,"href":"https:\/\/devonline.net.br\/dino\/wp-json\/wp\/v2\/tags?post=333"}],"curies":[{"name":"wp","href":"https:\/\/api.w.org\/{rel}","templated":true}]}}