{"id":30,"date":"2023-11-24T11:54:20","date_gmt":"2023-11-24T14:54:20","guid":{"rendered":"https:\/\/devonline.net.br\/dino\/295084-fortaleza-recebe-curso-de-esg-e-sustentabilidade-corporativa-com-roberto-roche\/"},"modified":"2023-11-24T11:54:20","modified_gmt":"2023-11-24T14:54:20","slug":"295084-fortaleza-recebe-curso-de-esg-e-sustentabilidade-corporativa-com-roberto-roche","status":"publish","type":"post","link":"https:\/\/devonline.net.br\/dino\/295084-fortaleza-recebe-curso-de-esg-e-sustentabilidade-corporativa-com-roberto-roche\/","title":{"rendered":"Fortaleza recebe curso de ESG e Sustentabilidade Corporativa com Roberto Roche"},"content":{"rendered":"<p dir=\"ltr\">A cidade de Fortaleza ser\u00e1 palco de um dos principais eventos de ESG do pa\u00eds. Nos dias 20 e 21 de janeiro, o curso \u201cGestor Estrat\u00e9gico ESG e Sustentabilidade Corporativa&#8221; promove dois dias de imers\u00e3o em gest\u00e3o estrat\u00e9gica e sustentabilidade, com uma extensa programa\u00e7\u00e3o voltada para gestores, empres\u00e1rios e profissionais interessados no tema.&nbsp;O curso ser\u00e1 ministrado pelo consultor Roberto Roche, especialista com mais de 20 anos dedicados ao ESG e Responsabilidade Social, com experi\u00eancia em empresas dos setores de energia e infraestrutura.&nbsp;<\/p>\n<p dir=\"ltr\">O evento \u00e9 promovido pelo Grupo Prollabor, especialista em solu\u00e7\u00f5es de sa\u00fade ocupacional e seguran\u00e7a do trabalho, que h\u00e1 mais de 20 anos oferece servi\u00e7os em gest\u00e3o de qualidade e sa\u00fade laboral. O curso ter\u00e1 momentos dedicados a networking, al\u00e9m de uma ampla \u00e1rea de estandes para que os visitantes explorem diversas solu\u00e7\u00f5es inovadoras e tecnol\u00f3gicas que est\u00e3o moldando o futuro sustent\u00e1vel.&nbsp;<\/p>\n<p dir=\"ltr\">\u201cDiferentemente da edi\u00e7\u00e3o anterior, este curso se estender\u00e1 por dois dias, proporcionando uma imers\u00e3o mais profunda e rica em conte\u00fado. \u00c9 um momento \u00fanico para se conectar com profissionais influentes e compartilhar ideias que devem impulsionar carreiras e neg\u00f3cios. Ser\u00e3o dois dias de imers\u00e3o na pr\u00e1tica para aprender com exemplos reais e aplic\u00e1veis no contexto empresarial, proporcionando uma compreens\u00e3o pr\u00e1tica e tang\u00edvel do tema\u201d, destaca Sol\u00e2nia Leite, diretora do Grupo Prollabor.<\/p>\n<p dir=\"ltr\">O evento acontece na F\u00e1brica de Neg\u00f3cios, no Hotel Praia Centro, das 8h \u00e0s 18h. Para garantir presen\u00e7a no curso, os interessados podem fazer inscri\u00e7\u00e3o pelo <a data-mce-href=\"https:\/\/www.sympla.com.br\/evento\/curso-esg-gestor-estrategico-esg-sustentabilidade-corporativa\/2247221?referrer=app.dino.com.br\" href=\"https:\/\/www.sympla.com.br\/evento\/curso-esg-gestor-estrategico-esg-sustentabilidade-corporativa\/2247221?referrer=app.dino.com.br\" data-mce-selected=\"inline-boundary\">Sympla.\ufeff<\/a><\/p>\n<p dir=\"ltr\"><strong>Servi\u00e7o<\/strong><\/p>\n<p dir=\"ltr\">Curso \u201cGestor Estrat\u00e9gico ESG e Sustentabilidade Corporativa\u201d<\/p>\n<p dir=\"ltr\">Dias 20 e 21 de janeiro de 2024<\/p>\n<p dir=\"ltr\">Hor\u00e1rio: das 8h \u00e0s 18h<\/p>\n<p dir=\"ltr\">Inscri\u00e7\u00f5es:&nbsp;<a rel=\"nofollow noopener\" target=\"_blank\" href=\"https:\/\/www.sympla.com.br\/evento\/curso-esg-gestor-estrategico-esg-sustentabilidade-corporativa\/2247221\" data-saferedirecturl=\"https:\/\/www.google.com\/url?q=https:\/\/www.sympla.com.br\/evento\/curso-esg-gestor-estrategico-esg-sustentabilidade-corporativa\/2247221&amp;source=gmail&amp;ust=1700567983222000&amp;usg=AOvVaw03mWiOenQ0gVFPVJ5-MYyY\" data-mce-href=\"https:\/\/www.sympla.com.br\/evento\/curso-esg-gestor-estrategico-esg-sustentabilidade-corporativa\/2247221\">https:\/\/www.sympla.com.br\/<wbr>evento\/curso-esg-gestor-<wbr>estrategico-esg-<wbr>sustentabilidade-corporativa\/<wbr>2247221<\/a><\/p>\n<p><img src='https:\/\/api.dino.com.br\/v2\/news\/tr\/295084?partnerId=4067' alt=\"\" style=\"border:0px;width:1px;height:1px;\" \/><\/p>\n","protected":false},"excerpt":{"rendered":"<p>Nova edi\u00e7\u00e3o ter\u00e1 dois dias de imers\u00e3o em gest\u00e3o estrat\u00e9gica e pr\u00e1ticas sustent\u00e1veis nas empresas<\/p>\n","protected":false},"author":2,"featured_media":31,"comment_status":"closed","ping_status":"open","sticky":false,"template":"","format":"standard","meta":{"footnotes":""},"categories":[2],"tags":[4,17,20,3,25],"class_list":["post-30","post","type-post","status-publish","format-standard","has-post-thumbnail","hentry","category-noticias-corporativas-dino","tag-economia","tag-empreendedorismo","tag-marketing","tag-negocios","tag-sustentabilidade"],"_links":{"self":[{"href":"https:\/\/devonline.net.br\/dino\/wp-json\/wp\/v2\/posts\/30","targetHints":{"allow":["GET"]}}],"collection":[{"href":"https:\/\/devonline.net.br\/dino\/wp-json\/wp\/v2\/posts"}],"about":[{"href":"https:\/\/devonline.net.br\/dino\/wp-json\/wp\/v2\/types\/post"}],"author":[{"embeddable":true,"href":"https:\/\/devonline.net.br\/dino\/wp-json\/wp\/v2\/users\/2"}],"replies":[{"embeddable":true,"href":"https:\/\/devonline.net.br\/dino\/wp-json\/wp\/v2\/comments?post=30"}],"version-history":[{"count":0,"href":"https:\/\/devonline.net.br\/dino\/wp-json\/wp\/v2\/posts\/30\/revisions"}],"wp:featuredmedia":[{"embeddable":true,"href":"https:\/\/devonline.net.br\/dino\/wp-json\/wp\/v2\/media\/31"}],"wp:attachment":[{"href":"https:\/\/devonline.net.br\/dino\/wp-json\/wp\/v2\/media?parent=30"}],"wp:term":[{"taxonomy":"category","embeddable":true,"href":"https:\/\/devonline.net.br\/dino\/wp-json\/wp\/v2\/categories?post=30"},{"taxonomy":"post_tag","embeddable":true,"href":"https:\/\/devonline.net.br\/dino\/wp-json\/wp\/v2\/tags?post=30"}],"curies":[{"name":"wp","href":"https:\/\/api.w.org\/{rel}","templated":true}]}}