{"id":280,"date":"2023-11-30T19:36:54","date_gmt":"2023-11-30T22:36:54","guid":{"rendered":"https:\/\/devonline.net.br\/dino\/298406-mary-kay-chega-a-hungria-para-elevar-a-beleza-e-o-empoderamento-na-europa-central\/"},"modified":"2023-11-30T19:36:54","modified_gmt":"2023-11-30T22:36:54","slug":"298406-mary-kay-chega-a-hungria-para-elevar-a-beleza-e-o-empoderamento-na-europa-central","status":"publish","type":"post","link":"https:\/\/devonline.net.br\/dino\/298406-mary-kay-chega-a-hungria-para-elevar-a-beleza-e-o-empoderamento-na-europa-central\/","title":{"rendered":"Mary Kay chega \u00e0 Hungria para elevar a beleza e o empoderamento na Europa Central"},"content":{"rendered":"<p xmlns=\"http:\/\/www.w3.org\/1999\/xhtml\"><a href=\"https:\/\/cts.businesswire.com\/ct\/CT?id=smartlink&amp;url=https%3A%2F%2Fmarykayglobal.com%2F&amp;esheet=53864391&amp;newsitemid=20231130190249&amp;lan=pt-BR&amp;anchor=Mary+Kay+Inc.&amp;index=1&amp;md5=39e06702c0bfb37680db003cc2138ef7\" rel=\"nofollow noopener\" shape=\"rect\" target=\"_blank\">Mary Kay Inc.<\/a>, a ic\u00f4nica marca de beleza e defensora global do empoderamento das mulheres, tem o prazer de anunciar sua expans\u00e3o para a Hungria, uma jogada estrat\u00e9gica que marca a mais recente incurs\u00e3o da empresa no mercado europeu. Esta expans\u00e3o coincide com o marco de 60<sup>o<\/sup> anos do anivers\u00e1rio da Mary Kay, que destaca o seu legado duradouro de oferecer oportunidades de empreendedorismo incompar\u00e1veis e cuidados com a pele e maquiagens de alta qualidade.<\/p>\n<p id=\"news-body-cta\" xmlns=\"http:\/\/www.w3.org\/1999\/xhtml\">Este comunicado de imprensa inclui multim\u00e9dia. Veja o comunicado completo aqui: <a href=\"https:\/\/www.businesswire.com\/news\/home\/20231130190249\/pt\/\" rel=\"nofollow noopener\" target=\"_blank\">https:\/\/www.businesswire.com\/news\/home\/20231130190249\/pt\/<\/a><\/p>\n<div id=\"bwbodyimg\" style=\"width: 480px; float:left; padding-left:0px; padding-right:20px; padding-top:0px; padding-bottom:0px;\" xmlns=\"http:\/\/www.w3.org\/1999\/xhtml\"><img decoding=\"async\" src=\"https:\/\/mms.businesswire.com\/media\/20231130190249\/pt\/1955949\/4\/Edita_on_stage_with_sales_force.jpg\" alt=\"With Hungary\u2019s rich cultural tapestry, vibrant heritage, and dynamic economy, Mary Kay Inc. is set to introduce a range of initiatives aimed at bolstering the economic empowerment of Hungarian women. (Credit: Mary Kay Inc.)\"><\/p>\n<p style=\"font-size:85%;\">With Hungary\u2019s rich cultural tapestry, vibrant heritage, and dynamic economy, Mary Kay Inc. is set to introduce a range of initiatives aimed at bolstering the economic empowerment of Hungarian women. (Credit: Mary Kay Inc.)<\/p>\n<\/div>\n<p xmlns=\"http:\/\/www.w3.org\/1999\/xhtml\">\nAs opera\u00e7\u00f5es da Mary Kay Hungria ser\u00e3o supervisionadas dos escrit\u00f3rios da Mary Kay Rep\u00fablica Tcheca em Praga. Para comemorar esta importante expans\u00e3o, foram programados eventos, tanto em Praga quanto em Budapeste. Esta expans\u00e3o baseia-se no recente reconhecimento da marca que foi nomeada como Marca No 1 de Vendas Diretas no Mundo em Cuidados com a Pele e Maquiagem pela Euromonitor International<sup>1<\/sup>.<\/p>\n<p xmlns=\"http:\/\/www.w3.org\/1999\/xhtml\">\n\u201cA expans\u00e3o para a Hungria \u00e9 algo que sempre consideramos, e sabemos que a hora de apresentar nossas oportunidades de carreiras incompar\u00e1veis e produtos irresist\u00edveis neste novo mercado \u00e9 AGORA\u201d, disse Tara Eustace, presidente da Mary Kay, regi\u00e3o europeia. \u201cTenho certeza de que sob a lideran\u00e7a de Edita Szaboova e de nossos muito bem-sucedidos mercados da Mary Kay Rep\u00fablica Tcheca e Eslov\u00e1quia, vamos criar oportunidades de ganhos vibrantes e vi\u00e1veis paras as mulheres da Hungria.\u201d<\/p>\n<p xmlns=\"http:\/\/www.w3.org\/1999\/xhtml\">\nEdita Szaboova, gerente geral da Mary Kay Rep\u00fablica Tcheca e Eslov\u00e1quia, expressou o seu entusiasmo sobre a nova expans\u00e3o de mercado.<\/p>\n<p xmlns=\"http:\/\/www.w3.org\/1999\/xhtml\">\n\u201cEstamos entusiasmados por capacitar mulheres empreendedoras na Hungria, alinhando-nos com a nossa principal miss\u00e3o de enriquecer a vida das mulheres\u201d, disse Szaboova. \u201cO empreendedorismo \u00e9 altamente respeitado e apoiado na Hungria, e nossa pesquisa mostra que as mulheres abra\u00e7ar\u00e3o esta nova oportunidade de trabalhar, aprender e desenvolver os seus pr\u00f3prios neg\u00f3cios sustent\u00e1veis.\u201d<\/p>\n<p xmlns=\"http:\/\/www.w3.org\/1999\/xhtml\">\nCom a rica tape\u00e7aria cultural, a heran\u00e7a vibrante e a economia din\u00e2mica da Hungria, a Mary Kay Inc. est\u00e1 determinada em apresentar uma s\u00e9rie de iniciativas que pretendem refor\u00e7ar o empoderamento econ\u00f4mico das mulheres h\u00fangaras. Estas iniciativas incluem programas educacionais, orienta\u00e7\u00e3o e investimentos econ\u00f4micos significativos no pa\u00eds.<\/p>\n<p xmlns=\"http:\/\/www.w3.org\/1999\/xhtml\">\nPara saber mais, siga a Mary Kay Hungria on-line em <a href=\"https:\/\/cts.businesswire.com\/ct\/CT?id=smartlink&amp;url=http%3A%2F%2Fwww.marykay.hu&amp;esheet=53864391&amp;newsitemid=20231130190249&amp;lan=pt-BR&amp;anchor=www.marykay.hu&amp;index=2&amp;md5=6681acc40765add81ab17f7a0d7e6899\" rel=\"nofollow noopener\" shape=\"rect\" target=\"_blank\">www.marykay.hu<\/a>, e fique conectado no <a href=\"https:\/\/cts.businesswire.com\/ct\/CT?id=smartlink&amp;url=https%3A%2F%2Fwww.instagram.com%2Fmarykay_hungary%2F&amp;esheet=53864391&amp;newsitemid=20231130190249&amp;lan=pt-BR&amp;anchor=Instagram&amp;index=3&amp;md5=629c5fe53f73d08bf49c05ec92703ba5\" rel=\"nofollow noopener\" shape=\"rect\" target=\"_blank\">Instagram<\/a> e <a href=\"https:\/\/cts.businesswire.com\/ct\/CT?id=smartlink&amp;url=https%3A%2F%2Fwww.facebook.com%2Fmarykay.magyarorszag&amp;esheet=53864391&amp;newsitemid=20231130190249&amp;lan=pt-BR&amp;anchor=Facebook&amp;index=4&amp;md5=d794eb2921d1c232711110b7badf5407\" rel=\"nofollow noopener\" shape=\"rect\" target=\"_blank\">Facebook<\/a>.<\/p>\n<p xmlns=\"http:\/\/www.w3.org\/1999\/xhtml\"><b>Sobre a Mary Kay<\/b><\/p>\n<p xmlns=\"http:\/\/www.w3.org\/1999\/xhtml\">\nOntem. Agora. Sempre. Uma das rompedoras de barreiras originais, Mary Kay Ash fundou a sua sonhada empresa de beleza no Texas em 1963 com um objetivo: enriquecer as vidas das mulheres. Esse sonho floresceu em uma empresa global com milh\u00f5es de membros independentes da for\u00e7a de vendas em mais de 35 pa\u00edses. Por 60 anos, a oportunidade Mary Kay empoderou mulheres para definir o seu pr\u00f3prio futuro por meio de educa\u00e7\u00e3o, orienta\u00e7\u00e3o, defesa e inova\u00e7\u00e3o. A Mary Kay se dedica em investir na ci\u00eancia por tr\u00e1s da beleza e a fabricar produtos de cuidados com a pele, maquiagens, suplementos nutricionais e fragr\u00e2ncias inovadores. A Mary Kay acredita em preservar o nosso planeta para as futuras gera\u00e7\u00f5es, proteger as mulheres impactadas pelo c\u00e2ncer e viol\u00eancia dom\u00e9stica e incentivar os jovens a seguir seus sonhos. Leia mais em <a href=\"https:\/\/cts.businesswire.com\/ct\/CT?id=smartlink&amp;url=https%3A%2F%2Fmarykayglobal.com%2F&amp;esheet=53864391&amp;newsitemid=20231130190249&amp;lan=pt-BR&amp;anchor=marykayglobal.com&amp;index=5&amp;md5=cfb6ba2d8adc01038d1234f0006ee5da\" rel=\"nofollow noopener\" shape=\"rect\" target=\"_blank\">marykayglobal.com<\/a>, encontre-nos no <a href=\"https:\/\/cts.businesswire.com\/ct\/CT?id=smartlink&amp;url=https%3A%2F%2Fwww.facebook.com%2Fmarykayglobal&amp;esheet=53864391&amp;newsitemid=20231130190249&amp;lan=pt-BR&amp;anchor=Facebook&amp;index=6&amp;md5=0995a8ea3f620d81b2c67647202b2045\" rel=\"nofollow noopener\" shape=\"rect\" target=\"_blank\">Facebook<\/a>, <a href=\"https:\/\/cts.businesswire.com\/ct\/CT?id=smartlink&amp;url=https%3A%2F%2Fwww.instagram.com%2Fmarykayglobal%2F&amp;esheet=53864391&amp;newsitemid=20231130190249&amp;lan=pt-BR&amp;anchor=Instagram&amp;index=7&amp;md5=c0096e7eb9e456c56ffb73aeb01370fc\" rel=\"nofollow noopener\" shape=\"rect\" target=\"_blank\">Instagram<\/a> e <a href=\"https:\/\/cts.businesswire.com\/ct\/CT?id=smartlink&amp;url=https%3A%2F%2Fwww.linkedin.com%2Fcompany%2Fmarykayglobal%2Fmycompany%2F&amp;esheet=53864391&amp;newsitemid=20231130190249&amp;lan=pt-BR&amp;anchor=LinkedIn&amp;index=8&amp;md5=e27f64f646f3595824f18670d43a1dad\" rel=\"nofollow noopener\" shape=\"rect\" target=\"_blank\">LinkedIn<\/a>, ou siga-nos no <a id=\"smartlink8\" rel=\"nofollow noopener\" shape=\"rect\" href=\"https:\/\/twitter.com\/MaryKayGlobal\" target=\"_blank\">X<\/a> (anteriormente conhecido como Twitter).<\/p>\n<p xmlns=\"http:\/\/www.w3.org\/1999\/xhtml\"><sup>1<\/sup> \u201dFonte Euromonitor International Limited; Edi\u00e7\u00e3o de Beleza e Cuidados Pessoais 2023, valor de vendas na RSP, dados de 2022.\u201d<\/p>\n<p xmlns=\"http:\/\/www.w3.org\/1999\/xhtml\">\nO texto no idioma original deste an\u00fancio \u00e9 a vers\u00e3o oficial autorizada. As tradu\u00e7\u00f5es s\u00e3o fornecidas apenas como uma facilidade e devem se referir ao texto no idioma original, que \u00e9 a \u00fanica vers\u00e3o do texto que tem efeito legal.<\/p>\n<p xmlns=\"http:\/\/www.w3.org\/1999\/xhtml\"><img decoding=\"async\" alt=\"\" src=\"https:\/\/cts.businesswire.com\/ct\/CT?id=bwnews&amp;sty=20231130190249r1&amp;sid=brdno&amp;distro=ftp\"><span class=\"bwct31415\"><\/span><\/p>\n<p id=\"mmgallerylink\" xmlns=\"http:\/\/www.w3.org\/1999\/xhtml\"><span id=\"mmgallerylink-phrase\">Ver a vers\u00e3o original em businesswire.com: <\/span><span id=\"mmgallerylink-link\"><a href=\"https:\/\/www.businesswire.com\/news\/home\/20231130190249\/pt\/\" rel=\"nofollow noopener\" target=\"_blank\">https:\/\/www.businesswire.com\/news\/home\/20231130190249\/pt\/<\/a><\/span><\/p>\n<p><b>Contato:<\/b><\/p>\n<p>\nComunica\u00e7\u00f5es corporativas da Mary Kay Inc.\n<\/p>\n<p>marykay.com\/newsroom\n<\/p>\n<p>972.687.5332 ou <a href=\"mailto:media@mkcorp.com\" rel=\"nofollow\" shape=\"rect\">media@mkcorp.com<\/a><\/p>\n<p><strong>Fonte: <\/strong><a href='http:\/\/www.businesswire.com\/portal\/site\/home\/' target='_blank' rel=\"noopener\">BUSINESS WIRE<\/a><img src='https:\/\/api.dino.com.br\/v2\/news\/tr\/298406?partnerId=4067' alt=\"\" style=\"border:0px;width:1px;height:1px;\" \/><\/p>\n","protected":false},"excerpt":{"rendered":"<p>\u00a0<\/p>\n","protected":false},"author":2,"featured_media":0,"comment_status":"closed","ping_status":"open","sticky":false,"template":"","format":"standard","meta":{"footnotes":""},"categories":[2],"tags":[23,67,69,14,3],"class_list":["post-280","post","type-post","status-publish","format-standard","hentry","category-noticias-corporativas-dino","tag-atacado-e-varejo","tag-beleza","tag-mulher","tag-multimidia","tag-negocios"],"_links":{"self":[{"href":"https:\/\/devonline.net.br\/dino\/wp-json\/wp\/v2\/posts\/280","targetHints":{"allow":["GET"]}}],"collection":[{"href":"https:\/\/devonline.net.br\/dino\/wp-json\/wp\/v2\/posts"}],"about":[{"href":"https:\/\/devonline.net.br\/dino\/wp-json\/wp\/v2\/types\/post"}],"author":[{"embeddable":true,"href":"https:\/\/devonline.net.br\/dino\/wp-json\/wp\/v2\/users\/2"}],"replies":[{"embeddable":true,"href":"https:\/\/devonline.net.br\/dino\/wp-json\/wp\/v2\/comments?post=280"}],"version-history":[{"count":0,"href":"https:\/\/devonline.net.br\/dino\/wp-json\/wp\/v2\/posts\/280\/revisions"}],"wp:attachment":[{"href":"https:\/\/devonline.net.br\/dino\/wp-json\/wp\/v2\/media?parent=280"}],"wp:term":[{"taxonomy":"category","embeddable":true,"href":"https:\/\/devonline.net.br\/dino\/wp-json\/wp\/v2\/categories?post=280"},{"taxonomy":"post_tag","embeddable":true,"href":"https:\/\/devonline.net.br\/dino\/wp-json\/wp\/v2\/tags?post=280"}],"curies":[{"name":"wp","href":"https:\/\/api.w.org\/{rel}","templated":true}]}}