{"id":261,"date":"2023-11-30T16:45:22","date_gmt":"2023-11-30T19:45:22","guid":{"rendered":"https:\/\/devonline.net.br\/dino\/298395-workshop-aborda-esg-e-credito-internacional\/"},"modified":"2023-11-30T16:45:22","modified_gmt":"2023-11-30T19:45:22","slug":"298395-workshop-aborda-esg-e-credito-internacional","status":"publish","type":"post","link":"https:\/\/devonline.net.br\/dino\/298395-workshop-aborda-esg-e-credito-internacional\/","title":{"rendered":"Workshop aborda ESG e cr\u00e9dito internacional"},"content":{"rendered":"<p>Luciano Bravo, CEO da Intelig\u00eancia Comercial e Country Manager da Savel Capital, participou do \u201cWorkshop ESG e Cr\u00e9dito Internacional\u201d, realizado no dia 14 de novembro. Em sua palestra, o empres\u00e1rio falou sobre \u201cCr\u00e9dito Internacional e a import\u00e2ncia das mulheres no cen\u00e1rio corporativo\u201d.<\/p>\n<p>A agenda ESG (Ambiental, Social e Governan\u00e7a, na sigla em portugu\u00eas), que foi a pauta central do encontro, deve atrair US$ 53 trilh\u00f5es (R$ 260,08 trilh\u00f5es) em investimentos em 2025, conforme estimativa da <a rel=\"nofollow noopener\" target=\"_blank\" href=\"https:\/\/www.bloomberg.com\/subscriptions\/4yN7f8O4hFq3Ig9?utm_medium=cpc_search&amp;utm_campaign=BR_ACQ_BRAND_BRANDGENERALX_EVG_XXXX_XXX_Y0469_EN_EN_X_BLOM_GO_SE_XXX_XXXXXXXXXX&amp;gclid=Cj0KCQjw4s-kBhDqARIsAN-ipH2cSD9wscV11s78Ru24XfPJB4-k2l3B3XRG9NiIilYtpXUZNzUDOzkaApqEEALw_wcB&amp;gclsrc=aw.ds\" data-mce-href=\"https:\/\/www.bloomberg.com\/subscriptions\/4yN7f8O4hFq3Ig9?utm_medium=cpc_search&amp;utm_campaign=BR_ACQ_BRAND_BRANDGENERALX_EVG_XXXX_XXX_Y0469_EN_EN_X_BLOM_GO_SE_XXX_XXXXXXXXXX&amp;gclid=Cj0KCQjw4s-kBhDqARIsAN-ipH2cSD9wscV11s78Ru24XfPJB4-k2l3B3XRG9NiIilYtpXUZNzUDOzkaApqEEALw_wcB&amp;gclsrc=aw.ds\">Bloomberg<\/a>. Em m\u00e9dia, 76% dos neg\u00f3cios do pa\u00eds j\u00e1 adotaram estrat\u00e9gias de neg\u00f3cio alinhadas com o tema, de acordo com um balan\u00e7o realizado pela consultoria <a rel=\"nofollow noopener\" target=\"_blank\" href=\"https:\/\/kpmg.com\/br\/pt\/home\/servicos\/consultoria\/risk-consulting\/esg-environmental-social-governance.html\" data-mce-href=\"https:\/\/kpmg.com\/br\/pt\/home\/servicos\/consultoria\/risk-consulting\/esg-environmental-social-governance.html\">KPMG<\/a>.&nbsp;<\/p>\n<p>Al\u00e9m de Bravo, o evento contou com as palestras de Andr\u00e9a Mansano e Emilia Minieri. Segundo os organizadores, o workshop teve como objetivo fornecer insights estrat\u00e9gicos e ferramentas pr\u00e1ticas para l\u00edderes empresariais, investidores e profissionais financeiros, al\u00e9m de difundir o papel das mulheres no campo da governan\u00e7a empresarial e ESG.<\/p>\n<p>Entre as principais pautas, o encontro abordou a import\u00e2ncia dos conselhos administrativos na governan\u00e7a das empresas e tra\u00e7ou um panorama da atua\u00e7\u00e3o das mulheres do agroneg\u00f3cio e oportunidades.<\/p>\n<p>Al\u00e9m disso, o workshop tamb\u00e9m trouxe temas como \u201cInternacionaliza\u00e7\u00e3o de empresas para fins de cr\u00e9dito internacional\u201d e \u201cPr\u00e1ticas ESG como meio de gera\u00e7\u00e3o de valor para as empresas\u201d.<\/p>\n<p>A prop\u00f3sito, ESG \u00e9 uma tend\u00eancia em ascens\u00e3o no mundo dos neg\u00f3cios, como mostra um artigo publicado pelo <a rel=\"nofollow noopener\" target=\"_blank\" href=\"https:\/\/www.sebrae.com.br\/sites\/PortalSebrae\/artigos\/qual-e-a-importancia-do-esg-para-as-pequenas-empresas,7a42f92d3c2a2810VgnVCM100000d701210aRCRD\" data-mce-href=\"https:\/\/www.sebrae.com.br\/sites\/PortalSebrae\/artigos\/qual-e-a-importancia-do-esg-para-as-pequenas-empresas,7a42f92d3c2a2810VgnVCM100000d701210aRCRD\">Sebrae<\/a> (Servi\u00e7o Brasileiro de Apoio \u00e0s Micro e Pequenas Empresas). O texto destaca que \u201cinvestidores, consumidores e a sociedade tendem a priorizar marcas que atuam de forma comprometida com o ecossistema, com as pautas sociais e de governan\u00e7a\u201d.&nbsp;<\/p>\n<p>Para o CEO da Intelig\u00eancia Comercial, o evento foi bem-sucedido e gerou diversos insights a partir das palestras realizadas. \u201cO encontro on-line trouxe um aspecto importante que \u00e9 a conscientiza\u00e7\u00e3o dos empres\u00e1rios. Os principais insights foram de buscar e conduzir o pa\u00eds para a realidade do ESG e cr\u00e9dito internacional\u201d, reporta.<\/p>\n<p>A Intelig\u00eancia Comercial atuou na organiza\u00e7\u00e3o do workshop, juntamente com Ana Pinho, que \u00e9 agente de cr\u00e9dito internacional da empresa.&nbsp;<\/p>\n<p>Para mais informa\u00e7\u00f5es, basta acessar: <a rel=\"nofollow noopener\" target=\"_blank\" href=\"https:\/\/www.inteligenciacomercial.com\/\" data-mce-href=\"https:\/\/www.inteligenciacomercial.com\/\" data-mce-selected=\"inline-boundary\">https:\/\/www.inteligenciacomercial.com\/<\/a><\/p>\n<p><img src='https:\/\/api.dino.com.br\/v2\/news\/tr\/298395?partnerId=4067' alt=\"\" style=\"border:0px;width:1px;height:1px;\" \/><\/p>\n","protected":false},"excerpt":{"rendered":"<p>O evento contou com a palestra de Luciano Bravo, CEO da Intelig\u00eancia Comercial; Bravo falou sobre \u201cCr\u00e9dito Internacional e a import\u00e2ncia das mulheres no cen\u00e1rio corporativo\u201d<\/p>\n","protected":false},"author":2,"featured_media":262,"comment_status":"closed","ping_status":"open","sticky":false,"template":"","format":"standard","meta":{"footnotes":""},"categories":[2],"tags":[36,4,35,26,3],"class_list":["post-261","post","type-post","status-publish","format-standard","has-post-thumbnail","hentry","category-noticias-corporativas-dino","tag-agricultura","tag-economia","tag-executivo","tag-industrias","tag-negocios"],"_links":{"self":[{"href":"https:\/\/devonline.net.br\/dino\/wp-json\/wp\/v2\/posts\/261","targetHints":{"allow":["GET"]}}],"collection":[{"href":"https:\/\/devonline.net.br\/dino\/wp-json\/wp\/v2\/posts"}],"about":[{"href":"https:\/\/devonline.net.br\/dino\/wp-json\/wp\/v2\/types\/post"}],"author":[{"embeddable":true,"href":"https:\/\/devonline.net.br\/dino\/wp-json\/wp\/v2\/users\/2"}],"replies":[{"embeddable":true,"href":"https:\/\/devonline.net.br\/dino\/wp-json\/wp\/v2\/comments?post=261"}],"version-history":[{"count":0,"href":"https:\/\/devonline.net.br\/dino\/wp-json\/wp\/v2\/posts\/261\/revisions"}],"wp:featuredmedia":[{"embeddable":true,"href":"https:\/\/devonline.net.br\/dino\/wp-json\/wp\/v2\/media\/262"}],"wp:attachment":[{"href":"https:\/\/devonline.net.br\/dino\/wp-json\/wp\/v2\/media?parent=261"}],"wp:term":[{"taxonomy":"category","embeddable":true,"href":"https:\/\/devonline.net.br\/dino\/wp-json\/wp\/v2\/categories?post=261"},{"taxonomy":"post_tag","embeddable":true,"href":"https:\/\/devonline.net.br\/dino\/wp-json\/wp\/v2\/tags?post=261"}],"curies":[{"name":"wp","href":"https:\/\/api.w.org\/{rel}","templated":true}]}}