{"id":259,"date":"2023-11-30T16:35:35","date_gmt":"2023-11-30T19:35:35","guid":{"rendered":"https:\/\/devonline.net.br\/dino\/298321-beneficiarios-do-inss-receberao-todo-o-13o-em-novembro\/"},"modified":"2023-11-30T16:35:35","modified_gmt":"2023-11-30T19:35:35","slug":"298321-beneficiarios-do-inss-receberao-todo-o-13o-em-novembro","status":"publish","type":"post","link":"https:\/\/devonline.net.br\/dino\/298321-beneficiarios-do-inss-receberao-todo-o-13o-em-novembro\/","title":{"rendered":"Benefici\u00e1rios do INSS receber\u00e3o todo o 13\u00ba em novembro"},"content":{"rendered":"<p>At&eacute; o pr&oacute;ximo dia 30, os <a rel=\"nofollow noopener\" target=\"_blank\" href=\"https:\/\/noticiadeultimahora.com.br\/confira-aposentados-receberao-13o-salario-em-dobro-em-2023-entenda-agora\/\">benefici&aacute;rios do INSS<\/a> (Instituto Nacional do Seguro Social) que come&ccedil;aram a receber depois do m&ecirc;s de maio devem receber, em parcela &uacute;nica, o 13&ordm; sal&aacute;rio. Quase todos os <a rel=\"nofollow noopener\" target=\"_blank\" href=\"https:\/\/renda-extra.r7.com\/veja-quando-comeca-a-ser-paga-a-primeira-parcela-do-13-salario-03102023\">segurados do INSS t&ecirc;m direito a este abono anual<\/a>, que foi pago antecipadamente em duas parcelas (em maio e junho) para aqueles que j&aacute; recebiam antes de maio.<\/p>\n<p>Esta <a rel=\"nofollow noopener\" target=\"_blank\" href=\"https:\/\/jornaljf.com.br\/beneficiarios-do-inss-recebem-13-salario-antecipado-em-19-06-surpresa-positiva\/\">antecipa&ccedil;&atilde;o do 13&ordm; sal&aacute;rio<\/a> foi feita nos &uacute;ltimos tr&ecirc;s anos, como parte das a&ccedil;&otilde;es para mitigar impactos econ&ocirc;micos provocados pela pandemia. Os benefici&aacute;rios que recebem o abono de fim de ano s&atilde;o aposentados, afastados com <a rel=\"nofollow noopener\" target=\"_blank\" href=\"https:\/\/diariooficialnoticias.com.br\/atencao-trabalhadores-auxilio-doenca-do-inss-sem-pericia-medica-veja-como\/\">aux&iacute;lio-doen&ccedil;a<\/a>, aux&iacute;lio-acidente, aux&iacute;lio-reclus&atilde;o, <a rel=\"nofollow noopener\" target=\"_blank\" href=\"https:\/\/jornaljf.com.br\/quem-tem-direito-a-pensao-por-morte-descubra-agora-os-requisitos\/\">pensionistas por morte<\/a> e outros aux&iacute;lios cobertos pelo INSS. N&atilde;o recebem o 13&ordm; apenas os segurados do Benef&iacute;cio de Presta&ccedil;&atilde;o Continuada (BPC) e os da Renda Mensal Vital&iacute;cia.<\/p>\n<p>O <a rel=\"nofollow noopener\" target=\"_blank\" href=\"https:\/\/jornaljf.com.br\/inss-anuncia-aposentados-recebem-r-800-extras-em-novembro-consulte-aqui-agora-mesmo-se-voce-esta-na-lista\/\">pagamento de 13&ordm; sal&aacute;rio<\/a> aos benefici&aacute;rios do INSS segue as mesmas regras principais do c&aacute;lculo feito para trabalhadores registrados em carteira. Para todos os recebedores do abono, os descontos aplicados ao valor (como o do imposto de renda) s&atilde;o sempre aplicados na segunda parcela e ser&atilde;o todos aplicados na parcela &uacute;nica de quem vai receber agora em novembro.<\/p>\n<p>Jo&atilde;o Adolfo de Souza &eacute; propriet&aacute;rio da <a rel=\"nofollow noopener\" target=\"_blank\" href=\"https:\/\/www.youtube.com\/@JoaoFinanceira\">Jo&atilde;o Financeira<\/a>, empresa que atua com empr&eacute;stimos consignados para aposentados e pensionistas. Ele refor&ccedil;a que apenas receber&atilde;o a parcela &uacute;nica &ldquo;aqueles que tiveram seus benef&iacute;cios aprovados a partir de maio, pois o INSS n&atilde;o teve, nesse momento, tempo de computar o benef&iacute;cio para pagamento antecipado no calend&aacute;rio de maio e junho&rdquo;.<\/p>\n<p>O <a rel=\"nofollow noopener\" target=\"_blank\" href=\"https:\/\/www.youtube.com\/watch?v=pc4cBZPdH-k\">pagamento de 13&ordm; sal&aacute;rio<\/a>, tamb&eacute;m chamado de abono natalino, &eacute; obrigat&oacute;rio tanto a funcion&aacute;rios de empresas quanto a benefici&aacute;rios do INSS. A base de c&aacute;lculo para o valor &eacute; o sal&aacute;rio (ou valor a receber do INSS) de dezembro. &ldquo;N&atilde;o &eacute; certo que, em 2024, tamb&eacute;m seja feita essa antecipa&ccedil;&atilde;o. Mas, neste ano, n&atilde;o temos nenhuma altera&ccedil;&atilde;o em rela&ccedil;&atilde;o aos anos anteriores, em que o pagamento foi antecipado pelo INSS devido &agrave; pandemia&rdquo;, esclarece Souza.&nbsp;<\/p>\n<p>A orienta&ccedil;&atilde;o que o profissional d&aacute; aos segurados do INSS que se enquadram nos recebedores da parcela &uacute;nica do 13&ordm; &eacute; esperar pelo pagamento de parcela &uacute;nica na data prov&aacute;vel de 24 de novembro. &ldquo;Os pagamentos ser&atilde;o feitos no calend&aacute;rio normal de novembro, seguindo a ordem de pagamento oficial do INSS, conforme n&uacute;mero final do benef&iacute;cio&rdquo;, finaliza o profissional.<\/p>\n<p>Para saber mais, basta acessar <a rel=\"nofollow noopener\" target=\"_blank\" href=\"https:\/\/www.joaofinanceira.com.br\/blog\/\">https:\/\/www.joaofinanceira.com.br\/blog\/<\/a>&nbsp;<\/p>\n<p><img src='https:\/\/api.dino.com.br\/v2\/news\/tr\/298321?partnerId=4067' alt=\"\" style=\"border:0px;width:1px;height:1px;\" \/><\/p>\n","protected":false},"excerpt":{"rendered":"<p>Apenas receber\u00e1 a parcela \u00fanica aqueles benefici\u00e1rios do INSS que come\u00e7aram a receber depois de maio; especialista explica que pagamento tem sido antecipado em duas parcelas h\u00e1 tr\u00eas anos<\/p>\n","protected":false},"author":2,"featured_media":260,"comment_status":"closed","ping_status":"open","sticky":false,"template":"","format":"standard","meta":{"footnotes":""},"categories":[2],"tags":[4,6],"class_list":["post-259","post","type-post","status-publish","format-standard","has-post-thumbnail","hentry","category-noticias-corporativas-dino","tag-economia","tag-politicas"],"_links":{"self":[{"href":"https:\/\/devonline.net.br\/dino\/wp-json\/wp\/v2\/posts\/259","targetHints":{"allow":["GET"]}}],"collection":[{"href":"https:\/\/devonline.net.br\/dino\/wp-json\/wp\/v2\/posts"}],"about":[{"href":"https:\/\/devonline.net.br\/dino\/wp-json\/wp\/v2\/types\/post"}],"author":[{"embeddable":true,"href":"https:\/\/devonline.net.br\/dino\/wp-json\/wp\/v2\/users\/2"}],"replies":[{"embeddable":true,"href":"https:\/\/devonline.net.br\/dino\/wp-json\/wp\/v2\/comments?post=259"}],"version-history":[{"count":0,"href":"https:\/\/devonline.net.br\/dino\/wp-json\/wp\/v2\/posts\/259\/revisions"}],"wp:featuredmedia":[{"embeddable":true,"href":"https:\/\/devonline.net.br\/dino\/wp-json\/wp\/v2\/media\/260"}],"wp:attachment":[{"href":"https:\/\/devonline.net.br\/dino\/wp-json\/wp\/v2\/media?parent=259"}],"wp:term":[{"taxonomy":"category","embeddable":true,"href":"https:\/\/devonline.net.br\/dino\/wp-json\/wp\/v2\/categories?post=259"},{"taxonomy":"post_tag","embeddable":true,"href":"https:\/\/devonline.net.br\/dino\/wp-json\/wp\/v2\/tags?post=259"}],"curies":[{"name":"wp","href":"https:\/\/api.w.org\/{rel}","templated":true}]}}