{"id":228,"date":"2023-11-30T10:08:30","date_gmt":"2023-11-30T13:08:30","guid":{"rendered":"https:\/\/devonline.net.br\/dino\/297815-floractive-profissional-promove-evento-em-dubai\/"},"modified":"2023-11-30T10:08:30","modified_gmt":"2023-11-30T13:08:30","slug":"297815-floractive-profissional-promove-evento-em-dubai","status":"publish","type":"post","link":"https:\/\/devonline.net.br\/dino\/297815-floractive-profissional-promove-evento-em-dubai\/","title":{"rendered":"Floractive Profissional promove evento em Dubai"},"content":{"rendered":"<p>No \u00faltimo m\u00eas, a Floractive Profissional promoveu, no luxuoso The H Hotel em Dubai, o evento \u201cFloractive Glam\u201d. O encontro reuniu cabeleireiros, profissionais do setor, influenciadores e distribuidores de todo o mundo no cen\u00e1rio cosmopolita de Dubai.<\/p>\n<p>O Floractive Glam n\u00e3o foi apenas um evento para cabeleireiros, mas tamb\u00e9m uma ocasi\u00e3o de networking para reunir representantes da ind\u00fastria. Distribuidores da marca estiveram presentes, fortalecendo parcerias globais da Floractive.<\/p>\n<p>Na ocasi\u00e3o, a CEO da marca, Jane Sarrasi, recebeu a princesa de Sharjah e sua comitiva. A princesa fez um discurso e falou como cada vez mais \u00e9 poss\u00edvel ver o empoderamento feminino.&nbsp; O evento tamb\u00e9m contou com a presen\u00e7a de representantes de organiza\u00e7\u00f5es como Abihpec, C\u00e2mara \u00c1rabe, Projeto Beauty Care, Embaixada Brasileira nos Emirados \u00c1rabes Unidos e APEX.<\/p>\n<p>No Floractive Glam tamb\u00e9m foram reveladas inova\u00e7\u00f5es em cosm\u00e9ticos capilares. Palestras promovidas por profissionais e t\u00e9cnicos da Floractive adicionaram um toque educacional ao evento, al\u00e9m de um desfile de cabelos.<\/p>\n<p><img src='https:\/\/api.dino.com.br\/v2\/news\/tr\/297815?partnerId=4067' alt=\"\" style=\"border:0px;width:1px;height:1px;\" \/><\/p>\n","protected":false},"excerpt":{"rendered":"<p>Floractive Profissional promove evento em Dubai com a presen\u00e7a da princesa HE Sheikha, reunindo cabeleireiros, profissionais do setor, influenciadores e distribuidores de todo o mundo no cen\u00e1rio cosmopolita de Dubai<\/p>\n","protected":false},"author":2,"featured_media":229,"comment_status":"closed","ping_status":"open","sticky":false,"template":"","format":"standard","meta":{"footnotes":""},"categories":[2],"tags":[23,17,73,3,32],"class_list":["post-228","post","type-post","status-publish","format-standard","has-post-thumbnail","hentry","category-noticias-corporativas-dino","tag-atacado-e-varejo","tag-empreendedorismo","tag-industria-de-nao-duraveis","tag-negocios","tag-saude-e-bem-estar"],"_links":{"self":[{"href":"https:\/\/devonline.net.br\/dino\/wp-json\/wp\/v2\/posts\/228","targetHints":{"allow":["GET"]}}],"collection":[{"href":"https:\/\/devonline.net.br\/dino\/wp-json\/wp\/v2\/posts"}],"about":[{"href":"https:\/\/devonline.net.br\/dino\/wp-json\/wp\/v2\/types\/post"}],"author":[{"embeddable":true,"href":"https:\/\/devonline.net.br\/dino\/wp-json\/wp\/v2\/users\/2"}],"replies":[{"embeddable":true,"href":"https:\/\/devonline.net.br\/dino\/wp-json\/wp\/v2\/comments?post=228"}],"version-history":[{"count":0,"href":"https:\/\/devonline.net.br\/dino\/wp-json\/wp\/v2\/posts\/228\/revisions"}],"wp:featuredmedia":[{"embeddable":true,"href":"https:\/\/devonline.net.br\/dino\/wp-json\/wp\/v2\/media\/229"}],"wp:attachment":[{"href":"https:\/\/devonline.net.br\/dino\/wp-json\/wp\/v2\/media?parent=228"}],"wp:term":[{"taxonomy":"category","embeddable":true,"href":"https:\/\/devonline.net.br\/dino\/wp-json\/wp\/v2\/categories?post=228"},{"taxonomy":"post_tag","embeddable":true,"href":"https:\/\/devonline.net.br\/dino\/wp-json\/wp\/v2\/tags?post=228"}],"curies":[{"name":"wp","href":"https:\/\/api.w.org\/{rel}","templated":true}]}}