{"id":209,"date":"2023-11-29T15:35:46","date_gmt":"2023-11-29T18:35:46","guid":{"rendered":"https:\/\/devonline.net.br\/dino\/293144-cooperativas-financeiras-sao-reconhecidas-pelo-recip\/"},"modified":"2023-11-29T15:35:46","modified_gmt":"2023-11-29T18:35:46","slug":"293144-cooperativas-financeiras-sao-reconhecidas-pelo-recip","status":"publish","type":"post","link":"https:\/\/devonline.net.br\/dino\/293144-cooperativas-financeiras-sao-reconhecidas-pelo-recip\/","title":{"rendered":"Cooperativas financeiras s\u00e3o reconhecidas pelo Recip"},"content":{"rendered":"<p>No \u00faltimo dia 13 de novembro, o \u201cRecip \u2013 Reconhecimento Inova\u00e7\u00e3o com Prop\u00f3sito no Cooperativismo Financeiro \u2013 2\u00ba Ciclo\u201d reuniu autoridades do cooperativismo e representantes do Sistema Financeiro Nacional (SFN) em Bras\u00edlia (DF). A cerim\u00f4nia aconteceu na sede do Banco Central do Brasil (BC), em formato h\u00edbrido, presencial e on-line.<\/p>\n<p>Iniciativa da Fenasbac, implementada pelo Instituto Fenasbac e apoiada pelo BC e pela UNFCU-ONU (United Nations Federal Credit Union), o Recip tem como objetivo analisar o potencial de inova\u00e7\u00e3o com prop\u00f3sito das cooperativas financeiras, reconhecer as melhores pr\u00e1ticas, indicar referenciais de gest\u00e3o e demonstrar o valor do segmento no pa\u00eds.<\/p>\n<p>Paulo Arag\u00e3o, presidente do Conselho Gestor da Fenasbac, fez a abertura oficial do evento, que tamb\u00e9m teve a participa\u00e7\u00e3o de Fab\u00edola Nader, gerente geral do Sistema OCB, e de Ailton Aquino, diretor de fiscaliza\u00e7\u00e3o do BC.<\/p>\n<p>Arag\u00e3o chamou a aten\u00e7\u00e3o para a import\u00e2ncia da iniciativa para a sustentabilidade do cooperativismo financeiro: \u201cPor meio do Recip, levantamos dados que nos mostram em quais aspectos existe espa\u00e7o para melhorias e como podemos, juntos, criar estrat\u00e9gias de crescimento\u201d. Ele tamb\u00e9m destacou o pioneirismo do Recip, que assumiu a vanguarda na elabora\u00e7\u00e3o de um modelo que analisa prop\u00f3sito no cooperativismo financeiro, na pr\u00e1tica.<\/p>\n<p>J\u00e1 a gerente geral do Sistema OCB falou sobre o diferencial do cooperativismo financeiro e ressaltou que \u00e9 importante mostr\u00e1-lo a todo o Brasil. \u201cEsse \u00e9 o nosso grande desafio, de todas as cooperativas. E a gente v\u00ea, ent\u00e3o, no Instituto Fenasbac mais uma iniciativa da gente conseguir mostrar isso para a sociedade\u201d.<\/p>\n<p>Ainda de acordo com Nader, a COP28 (28\u00aa confer\u00eancia das Na\u00e7\u00f5es Unidas sobre Mudan\u00e7as Clim\u00e1ticas, que acontece de 30 de novembro a 12 de dezembro de 2023, na Expo City, em Dubai, nos Emirados \u00c1rabes Unidos), receber\u00e1 um painel espec\u00edfico sobre cooperativismo. \u201cA OCB levar\u00e1 os cases das cooperativas de cr\u00e9dito brasileiras e das cooperativas agropecu\u00e1rias para mostrar os impactos do cooperativismo na sociedade\u201d, diz.<\/p>\n<p>Ailton Aquino falou sobre o desafio de preservar e cultivar princ\u00edpios em um panorama de inova\u00e7\u00e3o: \u201c[O Recip] refor\u00e7a, incentiva e induz esse movimento permanente e necess\u00e1rio de inova\u00e7\u00e3o, ao mesmo tempo que nos lembra que todo o processo deve estar acompanhado e lastreado por prop\u00f3sito\u201d.<\/p>\n<p>Ao longo da programa\u00e7\u00e3o, representantes dos sistemas das cooperativas participantes do Recip e autoridades do SFN ocuparam duas mesas de di\u00e1logos. Harold Esp\u00ednola, chefe do Departamento de Supervis\u00e3o de Cooperativas e de Institui\u00e7\u00f5es N\u00e3o Banc\u00e1rias do BC mediou uma das mesas e destacou que o prop\u00f3sito e os princ\u00edpios do cooperativismo devem ficar claros para todos.<\/p>\n<p>Para Esp\u00ednola, \u201cn\u00e3o basta fazer ou ter princ\u00edpios, isso tem que ser percebido pelos cooperados e pela sociedade\u201d, o que mostra a import\u00e2ncia de iniciativas como a do Recip, que busca organizar a apresenta\u00e7\u00e3o do que parte das pessoas j\u00e1 fazem e incentivar a outros que tamb\u00e9m fa\u00e7am.<\/p>\n<p>Telma Galletti, superintendente da Confebras, diz que \u00e9 importante apoiar iniciativas como o Recip, que promove um ganho para todo o ecossistema. Em sua fala, durante o segundo painel, ela citou um estudo do Mackenzie que indica que os jovens querem se conectar com as institui\u00e7\u00f5es que t\u00eam prop\u00f3sito. \u201cSe n\u00f3s somos um movimento com mais de 300 milh\u00f5es de cooperados ao redor do mundo e, no Brasil, mais de 18 milh\u00f5es, e se precisamos fazer a diferen\u00e7a, a gente tem que apoiar\u201d, diz.<\/p>\n<p>Cooperativas financeiras de todo o pa\u00eds participaram do ciclo. A participa\u00e7\u00e3o das singulares, com destaque \u00e0s regi\u00f5es Norte (+250%) e Centro-Oeste (+120%) cresceu 22% em rela\u00e7\u00e3o \u00e0 \u00faltima edi\u00e7\u00e3o. As cooperativas reconhecidas na dimens\u00e3o global foram convidadas a participar, junto \u00e0 Fenasbac e ao Comit\u00ea T\u00e9cnico do Recip, do 6\u00ba UIS &#8211; United in Sustainability Summit, que acontece no dia 30 de novembro de 2024, em Washington, nos Estados Unidos, sob o mote \u201cConstruindo resili\u00eancia atrav\u00e9s de a\u00e7\u00f5es sustent\u00e1veis\u201d.<\/p>\n<p>No encerramento, realizado pelo Comit\u00ea T\u00e9cnico do Recip, a Coordenadora Geral, Carolina Castro, informou que o 3\u00ba ciclo acontecer\u00e1 em 2024 e que iniciar\u00e1 em fevereiro: \u201cO nosso olhar est\u00e1 focado em inova\u00e7\u00e3o com prop\u00f3sito, em resultados n\u00e3o financeiros. Desse modo, cooperativas financeiras de [&#8230;] todos os estados do Brasil participam com igualdade de condi\u00e7\u00f5es.\u201d Nesta edi\u00e7\u00e3o, 26 cooperativas foram eleg\u00edveis ao reconhecimento. A seguir, \u00e9 poss\u00edvel conferir a lista das reconhecidas e suas dimens\u00f5es:<\/p>\n<p><strong>Inova\u00e7\u00e3o Colaborativa<\/strong><\/p>\n<p>Sicredi Centro Sul MS<\/p>\n<p>Sicredi Ouro Verde MT<\/p>\n<p>Viacredi Alto Vale<\/p>\n<p><strong>Inova\u00e7\u00e3o Participativa<\/strong><\/p>\n<p>Sicredi Cerrado GO<\/p>\n<p>Sicredi Sudoeste MT\/PA<\/p>\n<p>Viacredi Alto Vale<\/p>\n<p><strong>Inova\u00e7\u00e3o no Desenvolvimento de Capacidades<\/strong><\/p>\n<p>Evolua (Ailos)<\/p>\n<p>Sicoob Sarom<\/p>\n<p>Unicred Uni\u00e3o<\/p>\n<p><strong>Inova\u00e7\u00e3o ESG<\/strong><\/p>\n<p>Sicredi Cerrado GO<\/p>\n<p>Sicredi Sudoeste MT\/PA<\/p>\n<p>Viacredi Alto Vale<\/p>\n<p><strong>Inova\u00e7\u00e3o em Finan\u00e7as Verdes<\/strong><\/p>\n<p>Sicredi Cerrado GO<\/p>\n<p>Sicredi Ouro Verde MT<\/p>\n<p>Sicredi Sudoeste MT\/PA<\/p>\n<p><strong>Inova\u00e7\u00e3o com Prop\u00f3sito Global<\/strong><\/p>\n<p>Sicoob Coopemata<\/p>\n<p>Sicredi Conex\u00e3o<\/p>\n<p>Viacredi<\/p>\n<p>Para mais informa\u00e7\u00f5es, basta acessar: <a rel=\"nofollow noopener\" target=\"_blank\" href=\"https:\/\/reconhecimento.ifenasbac.com.br\/\" data-mce-href=\"https:\/\/reconhecimento.ifenasbac.com.br\/\">https:\/\/reconhecimento.ifenasbac.com.br\/<\/a><\/p>\n<p><img src='https:\/\/api.dino.com.br\/v2\/news\/tr\/293144?partnerId=4067' alt=\"\" style=\"border:0px;width:1px;height:1px;\" \/><\/p>\n","protected":false},"excerpt":{"rendered":"<p>A cerim\u00f4nia do Reconhecimento Inova\u00e7\u00e3o com Prop\u00f3sito &#8211; Recip aconteceu na sede do Banco Central do Brasil, no dia 13 de novembro, e foi marcada pela entrega de selos \u00e0s cooperativas financeiras com melhores pr\u00e1ticas em inova\u00e7\u00e3o com prop\u00f3sito<\/p>\n","protected":false},"author":2,"featured_media":210,"comment_status":"closed","ping_status":"open","sticky":false,"template":"","format":"standard","meta":{"footnotes":""},"categories":[2],"tags":[4,18,20,3],"class_list":["post-209","post","type-post","status-publish","format-standard","has-post-thumbnail","hentry","category-noticias-corporativas-dino","tag-economia","tag-eventos","tag-marketing","tag-negocios"],"_links":{"self":[{"href":"https:\/\/devonline.net.br\/dino\/wp-json\/wp\/v2\/posts\/209","targetHints":{"allow":["GET"]}}],"collection":[{"href":"https:\/\/devonline.net.br\/dino\/wp-json\/wp\/v2\/posts"}],"about":[{"href":"https:\/\/devonline.net.br\/dino\/wp-json\/wp\/v2\/types\/post"}],"author":[{"embeddable":true,"href":"https:\/\/devonline.net.br\/dino\/wp-json\/wp\/v2\/users\/2"}],"replies":[{"embeddable":true,"href":"https:\/\/devonline.net.br\/dino\/wp-json\/wp\/v2\/comments?post=209"}],"version-history":[{"count":0,"href":"https:\/\/devonline.net.br\/dino\/wp-json\/wp\/v2\/posts\/209\/revisions"}],"wp:featuredmedia":[{"embeddable":true,"href":"https:\/\/devonline.net.br\/dino\/wp-json\/wp\/v2\/media\/210"}],"wp:attachment":[{"href":"https:\/\/devonline.net.br\/dino\/wp-json\/wp\/v2\/media?parent=209"}],"wp:term":[{"taxonomy":"category","embeddable":true,"href":"https:\/\/devonline.net.br\/dino\/wp-json\/wp\/v2\/categories?post=209"},{"taxonomy":"post_tag","embeddable":true,"href":"https:\/\/devonline.net.br\/dino\/wp-json\/wp\/v2\/tags?post=209"}],"curies":[{"name":"wp","href":"https:\/\/api.w.org\/{rel}","templated":true}]}}