{"id":166,"date":"2023-11-28T16:37:53","date_gmt":"2023-11-28T19:37:53","guid":{"rendered":"https:\/\/devonline.net.br\/dino\/297812-cara-festival-agita-o-ccntro-de-santos-em-sua-2a-edicao\/"},"modified":"2023-11-28T16:37:53","modified_gmt":"2023-11-28T19:37:53","slug":"297812-cara-festival-agita-o-ccntro-de-santos-em-sua-2a-edicao","status":"publish","type":"post","link":"https:\/\/devonline.net.br\/dino\/297812-cara-festival-agita-o-ccntro-de-santos-em-sua-2a-edicao\/","title":{"rendered":"Car\u00e1 Festival agita o Ccntro de Santos em sua 2\u00aa Edi\u00e7\u00e3o"},"content":{"rendered":"<p>O aguardado Car&aacute; Festival tomou conta do Centro Hist&oacute;rico de Santos no &uacute;ltimo s&aacute;bado, 18 de novembro, realizando a sua segunda edi&ccedil;&atilde;o na Casa da Frontaria Azulejada. O evento, que se destacou por sua proposta multicultural sustent&aacute;vel, atraiu a aten&ccedil;&atilde;o de diversas gera&ccedil;&otilde;es de santistas, consolidando-se como um marco no calend&aacute;rio cultural da cidade.<\/p>\n<p>Este ano, o Car&aacute; Festival abordou temas relevantes de Cultura e ESG (Ambiente, Social e Governan&ccedil;a), alinhando-se aos Objetivos de Desenvolvimento Sustent&aacute;vel (ODS) da ONU. O evento buscou promover a consci&ecirc;ncia ambiental, social e de governan&ccedil;a, destacando a import&acirc;ncia da cultura como eixo transversal da sustentabilidade, reconhecida pela UNESCO.<\/p>\n<p>&ldquo;Foi emocionante sentir a garra e o amor das pessoas por suas artes, cantos e falas, que mesmo com um calor de 40&ordm; entregaram tudo e muito mais ao p&uacute;blico que nos prestigiou. S&oacute; tenho a agradecer a todos os expositores, artistas pl&aacute;sticos, designers, fot&oacute;grafos, aos Chefs de gastronomia, m&uacute;sicos que emocionaram e aqueceram ainda mais os nossos cora&ccedil;&otilde;es&#8221;, afirma Denise Covas, idealizadora do evento.<\/p>\n<p>A programa&ccedil;&atilde;o de 13 horas ofereceu uma variedade de atra&ccedil;&otilde;es gratuitas para o p&uacute;blico, incluindo m&uacute;sica, mostras de designers, exposi&ccedil;&otilde;es fotogr&aacute;ficas, alimenta&ccedil;&atilde;o, rodas de conversa, bazar criativo, espa&ccedil;o kids e muito mais. Vale ressaltar que o festival foi projetado para ser pet friendly, proporcionando uma experi&ecirc;ncia inclusiva para toda a fam&iacute;lia.<\/p>\n<p>O ponto alto do evento foi a diversificada programa&ccedil;&atilde;o musical, apresentando sete shows ao longo do dia. Um dos destaques foi o Tributo &agrave; Banda Charlie Brown Jr., com a participa&ccedil;&atilde;o dos ex-bateristas Graveto e Pinguim, uma homenagem &agrave; identidade musical forte da cidade. A Banda &Aacute;gua e Sal, com participa&ccedil;&atilde;o do cantor Ger&ocirc;nimo, trouxe o estilo surf music, enquanto a Roda de Samba Delas, com Simone Ancelmo, Lia Silva e Sandrinha, representou a diversidade de g&ecirc;nero e gera&ccedil;&otilde;es.<\/p>\n<p>A inclus&atilde;o musical foi evidenciada com a apresenta&ccedil;&atilde;o da 2 RD &amp; Banda, cujos membros s&atilde;o cadeirantes. Balanz&ecirc; com Abecca, Digo Maransaldi &amp; Banda, e a in&eacute;dita apresenta&ccedil;&atilde;o das cantoras Gab Veneziani &amp; Kika Willcox encerraram a programa&ccedil;&atilde;o de shows.<\/p>\n<p>Ap&oacute;s os espet&aacute;culos, a celebra&ccedil;&atilde;o continuou com a discotecagem do Coletivo Futur&aacute;frica, que est&aacute; comemorando 15 anos, garantindo que a energia positiva do festival perdurasse pela noite.<\/p>\n<p>Al&eacute;m da programa&ccedil;&atilde;o musical, o Car&aacute; Festival ofereceu diversas atra&ccedil;&otilde;es simult&acirc;neas, refor&ccedil;ando seu car&aacute;ter multicultural e sustent&aacute;vel. A Mostra de P&ocirc;steres &#8220;Mostra Car&aacute;, Mostra a Tua Cara&#8221; apresentou o olhar de 30 artistas sobre a cultura santista, enquanto o GRAN BAZAR reuniu 40 empreendedores locais.<\/p>\n<p>O Espa&ccedil;o Gastron&ocirc;mico Santos Paladares ofereceu uma variedade de op&ccedil;&otilde;es, incluindo hamburgers, pizzas, quiches e pipocas. Destaque para a oficina &#8220;P&atilde;o de Car&aacute; Com Car&aacute;&#8221;, ministrada pelo Chef Jeff Silva, que proporcionou uma experi&ecirc;ncia gastron&ocirc;mica &uacute;nica.<\/p>\n<p>Outras atra&ccedil;&otilde;es inclu&iacute;ram o Espa&ccedil;o Kids, a Exposi&ccedil;&atilde;o de Fotos do Concurso Cultural Fotogr&aacute;fico Santos Lovers, Stand Up Comedy com a turma Presepada 013 e tr&ecirc;s rodas de conversa sobre diversidade, sustentabilidade e cultura.<\/p>\n<p>&ldquo;Agrade&ccedil;o tamb&eacute;m a todos os nossos fornecedores, impec&aacute;veis nas entregas, e claro, a nossa super equipe e ao parceiro Diego Nunes, que literalmente suaram a camisa para que pud&eacute;ssemos entregar com o m&aacute;ximo de excel&ecirc;ncia o segundo Car&aacute; Festival. O nosso muito obrigada a todos, e at&eacute; 2024&rdquo;, finaliza Denise.<\/p>\n<p>O Festival Car&aacute; &eacute; uma realiza&ccedil;&atilde;o da DCovas Eventos, Marcas &amp; Prop&oacute;sito e Nunes Projetos Incentivados, com o apoio da Prefeitura Municipal de Santos e o Programa Municipal de Incentivo Fiscal de Apoio &agrave; Cultura (Promicult), &ldquo;Alcides Mesquita&rdquo; com o patroc&iacute;nio da DP WORLD. Apoio: SINASPAN (Sindicato da Ind&uacute;stria de Panifica&ccedil;&atilde;o e Confeitaria de Santos e Regi&atilde;o), Associa&ccedil;&atilde;o Comercial de Santos e Rede Conecta Gera&ccedil;&otilde;es. Divulga&ccedil;&atilde;o: SantosPress Comunica&ccedil;&atilde;o.<\/p>\n<p><strong>SANTOSPRESS COMUNICA&Ccedil;&Atilde;O EMPRESARIAL<\/strong><br \/>Diretor de Atendimento &#8211; Rog&eacute;rio Amador<br \/>rogerio@santospress.com.br | (13) 97410-9725<\/p>\n<p>Assessor de Imprensa &#8211; Jornalista Lucas Campos<br \/>lucas.campos@santospress.com.br | (13) 99795-9790<\/p>\n<p><img src='https:\/\/api.dino.com.br\/v2\/news\/tr\/297812?partnerId=4067' alt=\"\" style=\"border:0px;width:1px;height:1px;\" \/><\/p>\n","protected":false},"excerpt":{"rendered":"<p>Foram 13 horas com uma variedade de atra\u00e7\u00f5es gratuitas para o p\u00fablico<\/p>\n","protected":false},"author":2,"featured_media":167,"comment_status":"closed","ping_status":"open","sticky":false,"template":"","format":"standard","meta":{"footnotes":""},"categories":[2],"tags":[57,4,17,54,32],"class_list":["post-166","post","type-post","status-publish","format-standard","has-post-thumbnail","hentry","category-noticias-corporativas-dino","tag-arte","tag-economia","tag-empreendedorismo","tag-gastronomia","tag-saude-e-bem-estar"],"_links":{"self":[{"href":"https:\/\/devonline.net.br\/dino\/wp-json\/wp\/v2\/posts\/166","targetHints":{"allow":["GET"]}}],"collection":[{"href":"https:\/\/devonline.net.br\/dino\/wp-json\/wp\/v2\/posts"}],"about":[{"href":"https:\/\/devonline.net.br\/dino\/wp-json\/wp\/v2\/types\/post"}],"author":[{"embeddable":true,"href":"https:\/\/devonline.net.br\/dino\/wp-json\/wp\/v2\/users\/2"}],"replies":[{"embeddable":true,"href":"https:\/\/devonline.net.br\/dino\/wp-json\/wp\/v2\/comments?post=166"}],"version-history":[{"count":0,"href":"https:\/\/devonline.net.br\/dino\/wp-json\/wp\/v2\/posts\/166\/revisions"}],"wp:featuredmedia":[{"embeddable":true,"href":"https:\/\/devonline.net.br\/dino\/wp-json\/wp\/v2\/media\/167"}],"wp:attachment":[{"href":"https:\/\/devonline.net.br\/dino\/wp-json\/wp\/v2\/media?parent=166"}],"wp:term":[{"taxonomy":"category","embeddable":true,"href":"https:\/\/devonline.net.br\/dino\/wp-json\/wp\/v2\/categories?post=166"},{"taxonomy":"post_tag","embeddable":true,"href":"https:\/\/devonline.net.br\/dino\/wp-json\/wp\/v2\/tags?post=166"}],"curies":[{"name":"wp","href":"https:\/\/api.w.org\/{rel}","templated":true}]}}