{"id":128,"date":"2023-11-28T10:26:32","date_gmt":"2023-11-28T13:26:32","guid":{"rendered":"https:\/\/devonline.net.br\/dino\/294256-agronegocio-brasileiro-na-vanguarda-da-producao-sustentavel-e-tema-do-agrotalk\/"},"modified":"2023-11-28T10:26:32","modified_gmt":"2023-11-28T13:26:32","slug":"294256-agronegocio-brasileiro-na-vanguarda-da-producao-sustentavel-e-tema-do-agrotalk","status":"publish","type":"post","link":"https:\/\/devonline.net.br\/dino\/294256-agronegocio-brasileiro-na-vanguarda-da-producao-sustentavel-e-tema-do-agrotalk\/","title":{"rendered":"Agroneg\u00f3cio brasileiro na vanguarda da produ\u00e7\u00e3o sustent\u00e1vel \u00e9 tema do Agrotalk"},"content":{"rendered":"<p>O agroneg&oacute;cio brasileiro na vanguarda da produ&ccedil;&atilde;o sustent&aacute;vel &eacute; o tema central do Agrotalk Experience, evento que ser&aacute; realizado no dia 11 de dezembro, na H&iacute;pica Santo Amaro, em S&atilde;o Paulo (SP).<\/p>\n<p>O jantar para 150 convidados ter&aacute; como uma das atra&ccedil;&otilde;es um talk empreendedor que trar&aacute; a vis&atilde;o de l&iacute;deres do setor sobre a produ&ccedil;&atilde;o sustent&aacute;vel. O ex-CEO da John Deere e Embaixador do Agro, Paulo Herrmann abordar&aacute; &ldquo;Potencial, desafios e oportunidades do agro brasileiro&rdquo;; a co-fundadora do Grupo Progresso e l&iacute;der do grupo Mulheres de Fibra, Ani Sanders tratar&aacute; de &ldquo;Agro e Transforma&ccedil;&atilde;o: como o Agro colabora para a transforma&ccedil;&atilde;o da realidade&rdquo;; o presidente do Sindicato Rural de Ribeir&atilde;o Preto e da Assovale &ndash; Associa&ccedil;&atilde;o Rural Vale do Rio Pardo, Paulo Junqueira discorrer&aacute; sobre &ldquo;Representatividade do Agro e produ&ccedil;&atilde;o sustent&aacute;vel&rdquo;. O tema &ldquo;Pesquisa e inova&ccedil;&atilde;o para expans&atilde;o produtiva sustent&aacute;vel&rdquo; ser&aacute; discutido pelo Chefe Geral da EMBRAPA Territorial, Gustavo Spadotti e a diretora de Sustentabilidade da Cargill na Am&eacute;rica do Sul, Leticia Kawanami apresentar&aacute; o tema &ldquo;Cargill e a jornada da sustentabilidade do produtor rural&rdquo;.<\/p>\n<p>&ldquo;Ser&aacute; uma oportunidade excepcional de troca de experi&ecirc;ncias e conhecimentos com um p&uacute;blico altamente qualificado e poderemos discutir o quanto o agroneg&oacute;cio carece de representatividade para defender os interesses de um setor que &eacute; a mola propulsora do Brasil. Nenhum outro pa&iacute;s no mundo produz de forma t&atilde;o sustent&aacute;vel como o nosso e precisamos de representantes para dar visibilidade ao que fazemos&rdquo;, destaca o presidente do Sindicato Rural de Ribeir&atilde;o Preto e da Assovale &ndash; Associa&ccedil;&atilde;o Rural Vale do Rio Pardo, Paulo Junqueira, que &eacute; s&oacute;cio conselheiro do Agrotalk Experience.<\/p>\n<p>&ldquo;Mais do que um evento, o Agrotalk Experience proporcionar&aacute; uma experi&ecirc;ncia diferenciada aos participantes, seja com networking internacional entre produtores rurais de destaque, lideran&ccedil;as pol&iacute;ticas e empres&aacute;rios, seja com uma gastronomia de alto n&iacute;vel e ativa&ccedil;&otilde;es envolvendo tecnologia, mercado financeiro, moda e arquitetura&rdquo;, descreve a CEO da AGX Estrat&eacute;gias, empresa organizadora do evento, Aryane Garcia.<\/p>\n<p>No dia 12 de dezembro, ser&aacute; promovido um almo&ccedil;o com rodada de neg&oacute;cios exclusivo para os patrocinadores do evento.<\/p>\n<p>O Agrotalk Experience tem o patroc&iacute;nio de Ford Sinal, AndBank Investimentos, Sindicato Rural de Ribeir&atilde;o Preto, Assovale, GPB Brasil, Aprosoja S&atilde;o Paulo, JK Est&eacute;tica Avan&ccedil;ada e VQ Jewellry e conta com o apoio da EMBRAPA Territorial, ITESP &ndash; Funda&ccedil;&atilde;o Instituto de Terras e Secretaria de Agricultura e Abastecimento do Estado de S&atilde;o Paulo.<\/p>\n<p><img src='https:\/\/api.dino.com.br\/v2\/news\/tr\/294256?partnerId=4067' alt=\"\" style=\"border:0px;width:1px;height:1px;\" \/><\/p>\n","protected":false},"excerpt":{"rendered":"<p>Evento que re\u00fane produtores rurais e l\u00edderes do setor ser\u00e1 realizado em S\u00e3o Paulo nos dias 11 e 12 de dezembro<\/p>\n","protected":false},"author":2,"featured_media":129,"comment_status":"closed","ping_status":"open","sticky":false,"template":"","format":"standard","meta":{"footnotes":""},"categories":[2],"tags":[36,39,59,4,3],"class_list":["post-128","post","type-post","status-publish","format-standard","has-post-thumbnail","hentry","category-noticias-corporativas-dino","tag-agricultura","tag-agronegocios","tag-agropecuaria","tag-economia","tag-negocios"],"_links":{"self":[{"href":"https:\/\/devonline.net.br\/dino\/wp-json\/wp\/v2\/posts\/128","targetHints":{"allow":["GET"]}}],"collection":[{"href":"https:\/\/devonline.net.br\/dino\/wp-json\/wp\/v2\/posts"}],"about":[{"href":"https:\/\/devonline.net.br\/dino\/wp-json\/wp\/v2\/types\/post"}],"author":[{"embeddable":true,"href":"https:\/\/devonline.net.br\/dino\/wp-json\/wp\/v2\/users\/2"}],"replies":[{"embeddable":true,"href":"https:\/\/devonline.net.br\/dino\/wp-json\/wp\/v2\/comments?post=128"}],"version-history":[{"count":0,"href":"https:\/\/devonline.net.br\/dino\/wp-json\/wp\/v2\/posts\/128\/revisions"}],"wp:featuredmedia":[{"embeddable":true,"href":"https:\/\/devonline.net.br\/dino\/wp-json\/wp\/v2\/media\/129"}],"wp:attachment":[{"href":"https:\/\/devonline.net.br\/dino\/wp-json\/wp\/v2\/media?parent=128"}],"wp:term":[{"taxonomy":"category","embeddable":true,"href":"https:\/\/devonline.net.br\/dino\/wp-json\/wp\/v2\/categories?post=128"},{"taxonomy":"post_tag","embeddable":true,"href":"https:\/\/devonline.net.br\/dino\/wp-json\/wp\/v2\/tags?post=128"}],"curies":[{"name":"wp","href":"https:\/\/api.w.org\/{rel}","templated":true}]}}