{"id":123,"date":"2023-11-28T08:58:44","date_gmt":"2023-11-28T11:58:44","guid":{"rendered":"https:\/\/devonline.net.br\/dino\/289572-fontes-de-energia-sustentaveis-sao-alternativas-economicas-para-ondas-de-calor\/"},"modified":"2023-11-28T08:58:44","modified_gmt":"2023-11-28T11:58:44","slug":"289572-fontes-de-energia-sustentaveis-sao-alternativas-economicas-para-ondas-de-calor","status":"publish","type":"post","link":"https:\/\/devonline.net.br\/dino\/289572-fontes-de-energia-sustentaveis-sao-alternativas-economicas-para-ondas-de-calor\/","title":{"rendered":"Fontes de energia sustent\u00e1veis s\u00e3o alternativas econ\u00f4micas para ondas de calor"},"content":{"rendered":"<p>As recentes ondas de calor extremo no Brasil chamaram a aten&ccedil;&atilde;o dos brasileiros para as consequ&ecirc;ncias do aquecimento solar e seus reflexos no bolso. <a rel=\"nofollow noopener\" target=\"_blank\" href=\"https:\/\/www.otempo.com.br\/economia\/onda-de-calor-pode-aumentar-o-preco-da-conta-de-luz-entenda-1.3276579\">Um exemplo disso &eacute; que o Operador Nacional do Sistema El&eacute;trico&nbsp;<u><strong>(ONS) acionou as usinas t&eacute;rmicas para tentar suprir a demanda<\/strong><\/u>&nbsp;em momentos de pico de energia el&eacute;trica, conforme cita a mat&eacute;ria do jornal O Tempo.<\/a> Diante de temperaturas atingindo recordes hist&oacute;ricos em toda a extens&atilde;o do pa&iacute;s, fazendo com que os term&ocirc;metros atingissem marcas superiores a 38&deg;C, <a rel=\"nofollow noopener\" target=\"_blank\" href=\"https:\/\/www.enelx.com\/br\/pt\/conteudos\/cresce-no-brasil-a-busca-por-energia-limpa-e-renovavel--veja-o-p#:~:text=Conte%C3%BAdos-,Cresce%20no%20Brasil%20a%20busca%20por%20energia%20limpa%20e%20renov%C3%A1vel,um%20dos%20maiores%20do%20mundo.\">a busca por fontes alternativas de energia que sejam mais baratas e sustent&aacute;veis aumentou.&nbsp;<\/a><\/p>\n<p>Informa&ccedil;&otilde;es da Associa&ccedil;&atilde;o Brasileira de Energia Solar Fotovoltaica (Absolar) apontam um crescimento na confian&ccedil;a e no interesse do brasileiro neste tipo de energia. Conforme mat&eacute;ria do Di&aacute;rio do Com&eacute;rcio,&nbsp;<a rel=\"nofollow noopener\" target=\"_blank\" href=\"https:\/\/diariodocomercio.com.br\/economia\/energia-nuv-lanca-aplicativo-economia-na-conta-minas-gerais\/#gref\">o Brasil &eacute; uma pot&ecirc;ncia mundial na produ&ccedil;&atilde;o e consumo de fontes de energia renov&aacute;veis, como parques e&oacute;licos e usinas solares. No caso da energia fotovoltaica, o Pa&iacute;s est&aacute; na oitava posi&ccedil;&atilde;o no<em>&nbsp;ranking&nbsp;<\/em>mundial de produ&ccedil;&atilde;o.<\/a><\/p>\n<p>A demanda por energia solar est&aacute; em expans&atilde;o em todo territ&oacute;rio nacional. Somente no in&iacute;cio deste ano, o Brasil j&aacute; alcan&ccedil;ou a marca de 2.067 milh&otilde;es de sistemas solares fotovoltaicos conectados &agrave; rede, e mais de 2.999 milh&otilde;es de unidades consumidoras recebendo cr&eacute;ditos pelo Sistema de Compensa&ccedil;&atilde;o de Energia El&eacute;trica, ou seja, 3,27% do total.<\/p>\n<p>Segundo F&aacute;bio Padovani, CEO da NUV Energia, que conecta consumidores residenciais e comerciais com fazendas de energia solar por meio de um aplicativo, o n&uacute;mero de acessos ao site aumentou mais de 30%. &ldquo;Mudar a forma de consumir energia &eacute; um passo importante daqui para frente, quando come&ccedil;amos a colher os resultados do aquecimento global. E a energia solar tem grande potencial em um pa&iacute;s como o Brasil, com localiza&ccedil;&atilde;o geogr&aacute;fica que favorece o sol o ano todo&rdquo;, explica o executivo.<\/p>\n<p>Padovani se refere a dados do setor el&eacute;trico que mostram que, diante das ondas de calor entre setembro e novembro, houve um aumento recorde do consumo de energia em compara&ccedil;&atilde;o com o mesmo per&iacute;odo do ano passado. Dados do Operador Nacional do Sistema El&eacute;trico (ONS), <a rel=\"nofollow noopener\" target=\"_blank\" href=\"https:\/\/agenciabrasil.ebc.com.br\/geral\/noticia\/2023-11\/onda-de-calor-consumo-de-energia-no-brasil-bate-recorde\">divulgados na mat&eacute;ria da Ag&ecirc;ncia Brasil (14\/11), mostram que no &uacute;ltimo dia 13 de novembro, houve recorde na demanda instant&acirc;nea de carga do Sistema Interligado Nacional (SIN<\/a>): &agrave;s 14h40, foi atingido o patamar de 100.955 megawatts (MW). Foi a primeira vez na hist&oacute;ria do SIN que a carga superou a marca de 100 mil MW. O recorde anterior era de 97.659 MW, medido em 26 de setembro deste ano.<\/p>\n<p>&#8220;Se investir na mudan&ccedil;a da matriz energ&eacute;tica priorizando as fontes renov&aacute;veis j&aacute; era uma ideia cada vez mais presente na vida dos consumidores, depois da onda de calor ficou claro que para al&eacute;m da sustentabilidade, existe um benef&iacute;cio econ&ocirc;mico indiscut&iacute;vel&#8221;, complementa.<\/p>\n<p>O uso de energia solar n&atilde;o apenas reduz a depend&ecirc;ncia da rede el&eacute;trica convencional, mas tamb&eacute;m pode gerar economia significativa a longo prazo. No caso da NUV, que utiliza intelig&ecirc;ncia artificial e conecta os consumidores &agrave;s fazendas de energia solar por meio de um aplicativo, a economia pode chegar a at&eacute; 25% na conta de energia no final do m&ecirc;s.<\/p>\n<p>Minas Gerais &eacute; o maior polo de gera&ccedil;&atilde;o de energia solar do pa&iacute;s, conforme aponta a&nbsp;Associa&ccedil;&atilde;o Brasileira de Energia Solar Fotovoltaica (<a rel=\"nofollow noopener\" target=\"_blank\" href=\"https:\/\/www.absolar.org.br\/noticia\/minas-gerais-e-lider-em-geracao-distribuida-de-energia-solar-fotovoltaica-no-brasil\/\">ABSOLAR<\/a>)&nbsp;e segue atraindo investimentos para o Estado.<\/p>\n<p>&nbsp;<\/p>\n<p><img src='https:\/\/api.dino.com.br\/v2\/news\/tr\/289572?partnerId=4067' alt=\"\" style=\"border:0px;width:1px;height:1px;\" \/><\/p>\n","protected":false},"excerpt":{"rendered":"<p>Investir na mudan\u00e7a da matriz energ\u00e9tica priorizando as fontes renov\u00e1veis, al\u00e9m da sustentabilidade, \u00e9 um benef\u00edcio econ\u00f4mico indiscut\u00edvel<\/p>\n","protected":false},"author":2,"featured_media":124,"comment_status":"closed","ping_status":"open","sticky":false,"template":"","format":"standard","meta":{"footnotes":""},"categories":[2],"tags":[4,26,21,25,12],"class_list":["post-123","post","type-post","status-publish","format-standard","has-post-thumbnail","hentry","category-noticias-corporativas-dino","tag-economia","tag-industrias","tag-startups","tag-sustentabilidade","tag-tecnologia"],"_links":{"self":[{"href":"https:\/\/devonline.net.br\/dino\/wp-json\/wp\/v2\/posts\/123","targetHints":{"allow":["GET"]}}],"collection":[{"href":"https:\/\/devonline.net.br\/dino\/wp-json\/wp\/v2\/posts"}],"about":[{"href":"https:\/\/devonline.net.br\/dino\/wp-json\/wp\/v2\/types\/post"}],"author":[{"embeddable":true,"href":"https:\/\/devonline.net.br\/dino\/wp-json\/wp\/v2\/users\/2"}],"replies":[{"embeddable":true,"href":"https:\/\/devonline.net.br\/dino\/wp-json\/wp\/v2\/comments?post=123"}],"version-history":[{"count":0,"href":"https:\/\/devonline.net.br\/dino\/wp-json\/wp\/v2\/posts\/123\/revisions"}],"wp:featuredmedia":[{"embeddable":true,"href":"https:\/\/devonline.net.br\/dino\/wp-json\/wp\/v2\/media\/124"}],"wp:attachment":[{"href":"https:\/\/devonline.net.br\/dino\/wp-json\/wp\/v2\/media?parent=123"}],"wp:term":[{"taxonomy":"category","embeddable":true,"href":"https:\/\/devonline.net.br\/dino\/wp-json\/wp\/v2\/categories?post=123"},{"taxonomy":"post_tag","embeddable":true,"href":"https:\/\/devonline.net.br\/dino\/wp-json\/wp\/v2\/tags?post=123"}],"curies":[{"name":"wp","href":"https:\/\/api.w.org\/{rel}","templated":true}]}}