{"id":105,"date":"2023-11-27T16:29:44","date_gmt":"2023-11-27T19:29:44","guid":{"rendered":"https:\/\/devonline.net.br\/dino\/297974-qualidade-do-ar-em-ambientes-internos-vira-pauta-nacional\/"},"modified":"2023-11-27T16:29:44","modified_gmt":"2023-11-27T19:29:44","slug":"297974-qualidade-do-ar-em-ambientes-internos-vira-pauta-nacional","status":"publish","type":"post","link":"https:\/\/devonline.net.br\/dino\/297974-qualidade-do-ar-em-ambientes-internos-vira-pauta-nacional\/","title":{"rendered":"Qualidade do ar em ambientes internos vira pauta nacional"},"content":{"rendered":"<p>A pandemia da Covid-19 gerou uma aten\u00e7\u00e3o mundial sobre a qualidade do ar nos espa\u00e7os, com uma aten\u00e7\u00e3o para os ambientes fechados. Desde a confirma\u00e7\u00e3o feita por diversos \u00f3rg\u00e3os de sa\u00fade, como o <a rel=\"nofollow noopener\" target=\"_blank\" href=\"https:\/\/www.gov.br\/saude\/pt-br\/assuntos\/coronavirus\/transmissao\" data-mce-href=\"https:\/\/www.gov.br\/saude\/pt-br\/assuntos\/coronavirus\/transmissao\">Minist\u00e9rio da Sa\u00fade<\/a>, de que o coronav\u00edrus SARS-CoV-2 \u00e9 transmitido pelo ar, a preocupa\u00e7\u00e3o com ventila\u00e7\u00e3o, renova\u00e7\u00e3o do ar e sua qualidade em ambientes internos ganharam destaque como a\u00e7\u00f5es para diminui\u00e7\u00e3o do cont\u00e1gio.<\/p>\n<p>De acordo com dados da OMS (Organiza\u00e7\u00e3o Mundial de Sa\u00fade) em publica\u00e7\u00e3o feita pela <a rel=\"nofollow noopener\" target=\"_blank\" href=\"https:\/\/www.paho.org\/pt\/noticias\/4-4-2022-novos-dados-da-oms-revelam-que-bilhoes-pessoas-ainda-respiram-ar-insalubre\" data-mce-href=\"https:\/\/www.paho.org\/pt\/noticias\/4-4-2022-novos-dados-da-oms-revelam-que-bilhoes-pessoas-ainda-respiram-ar-insalubre\">OPAS (Organiza\u00e7\u00e3o Pan-Americana de Sa\u00fade)<\/a>, 99% da popula\u00e7\u00e3o mundial est\u00e1 respirando ar que ultrapassa os limites de qualidade propostos pelo pr\u00f3prio \u00f3rg\u00e3o, causando, consequentemente, cerca de <a rel=\"nofollow noopener\" target=\"_blank\" href=\"https:\/\/brasil.un.org\/pt-br\/89801-polui%C3%A7%C3%A3o-do-ar-provoca-7-milh%C3%B5es-de-mortes-prematuras-todos-os-anos-alerta-onu#:~:text=Polui%C3%A7%C3%A3o%20do%20ar%20provoca%207%20milh%C3%B5es%20de%20mortes,de%20baixo%20e%20de%20m%C3%A9dio%20rendimentos.%20Mais%20itens\" data-mce-href=\"https:\/\/brasil.un.org\/pt-br\/89801-polui%C3%A7%C3%A3o-do-ar-provoca-7-milh%C3%B5es-de-mortes-prematuras-todos-os-anos-alerta-onu#:~:text=Polui%C3%A7%C3%A3o%20do%20ar%20provoca%207%20milh%C3%B5es%20de%20mortes,de%20baixo%20e%20de%20m%C3%A9dio%20rendimentos.%20Mais%20itens\">7 milh\u00f5es de mortes por ano<\/a>.<\/p>\n<p>Observando a necessidade mundial e com foco no Brasil, em 2021, o Plano Nacional de Qualidade do Ar Interno (PNQAI) foi apresentado para as autoridades. A tem\u00e1tica foi levada ao plen\u00e1rio do Senado Federal, colocando em pauta a oportunidade de atualizar a Constitui\u00e7\u00e3o Federal. Esta iniciativa busca garantir o direito fundamental a um <a rel=\"nofollow noopener\" target=\"_blank\" href=\"https:\/\/reviewarcondicionado.com.br\/10-melhores-ar-condicionados-para-refrescar-o-seu-verao\/\" data-mce-href=\"https:\/\/reviewarcondicionado.com.br\/10-melhores-ar-condicionados-para-refrescar-o-seu-verao\/\">ar de qualidade<\/a>, inclusive em ambientes internos.<\/p>\n<p>Em tramita\u00e7\u00e3o no Senado Federal, a inten\u00e7\u00e3o da Proposta de Emenda \u00e0 Constitui\u00e7\u00e3o \u00e9 acrescentar no 5\u00ba artigo: \u201cLXXIX \u2013 \u00e9 garantido a todos o direito \u00e0 qualidade do ar, inclusive em ambientes internos p\u00fablicos e privados de uso coletivo\u201d. A <a rel=\"nofollow noopener\" target=\"_blank\" href=\"https:\/\/www25.senado.leg.br\/web\/atividade\/materias\/-\/materia\/148029\" data-mce-href=\"https:\/\/www25.senado.leg.br\/web\/atividade\/materias\/-\/materia\/148029\">PEC 07\/2021<\/a> est\u00e1 aberta a voto popular e at\u00e9 o momento tem mais de 90% de aprova\u00e7\u00e3o.<\/p>\n<p>O engenheiro da Instel Service, Juliano Rodrigues explica que a Proposta de Emenda \u00e0 Constitui\u00e7\u00e3o (PEC) que inclui o direito \u00e0 qualidade do ar entre os direitos e garantias fundamentais \u00e9 uma medida significativa para a sa\u00fade p\u00fablica e o meio ambiente.&nbsp;<\/p>\n<p>\u201cEla reconhece a import\u00e2ncia cr\u00edtica da qualidade do ar, especialmente em ambientes internos, e busca fortalecer o marco legal para garantir um ar mais limpo. Representa um avan\u00e7o positivo, sem d\u00favida\u201d, diz. \u201cA efic\u00e1cia da PEC depender\u00e1 de sua implementa\u00e7\u00e3o pr\u00e1tica e do apoio cont\u00ednuo a pol\u00edticas e investimentos relacionados \u00e0 qualidade do ar\u201d, completa.&nbsp;<\/p>\n<p>Nos \u00faltimos anos, a discuss\u00e3o sobre a Qualidade do Ar Interno e seu reconhecimento como direito fundamental tem sido impulsionado por uma maior conscientiza\u00e7\u00e3o ambiental e tamb\u00e9m uma preocupa\u00e7\u00e3o pela sa\u00fade dos pr\u00f3prios indiv\u00edduos, ressalta Rodrigues.&nbsp;<\/p>\n<p>&#8220;Estudos cient\u00edficos que ligam a polui\u00e7\u00e3o do ar a problemas de sa\u00fade, muitos causados pela pandemia da <a rel=\"nofollow noopener\" target=\"_blank\" href=\"https:\/\/abrava.com.br\/qualidade-do-ar-interno-renovacao-do-ar-e-ventilacao-em-ambientes-internos-sao-essenciais-para-minimizar-o-contagio-do-coronavirus\/\" data-mce-href=\"https:\/\/abrava.com.br\/qualidade-do-ar-interno-renovacao-do-ar-e-ventilacao-em-ambientes-internos-sao-essenciais-para-minimizar-o-contagio-do-coronavirus\/\">Covid-19<\/a> evidenciam essa urg\u00eancia. Governos e cidades t\u00eam implementado leis e pol\u00edticas mais rigorosas e essa discuss\u00e3o tamb\u00e9m \u00e9 destacada em f\u00f3runs internacionais, refletindo sua import\u00e2ncia global no objetivo de reverter este quadro&#8221;, finaliza o profissional.<\/p>\n<p>Para saber mais, basta acessar: <a rel=\"nofollow noopener\" target=\"_blank\" href=\"http:\/\/www.instelservice.com.br\" data-mce-href=\"http:\/\/www.instelservice.com.br\">www.instelservice.com.br<\/a>&nbsp;<\/p>\n<p><img src='https:\/\/api.dino.com.br\/v2\/news\/tr\/297974?partnerId=4067' alt=\"\" style=\"border:0px;width:1px;height:1px;\" \/><\/p>\n","protected":false},"excerpt":{"rendered":"<p>Plano Nacional em tramita\u00e7\u00e3o evidencia a import\u00e2ncia de ser dada mais aten\u00e7\u00e3o \u00e0 qualidade do ar interno, recurso este ligado diretamente ao bem-estar humano<\/p>\n","protected":false},"author":2,"featured_media":106,"comment_status":"closed","ping_status":"open","sticky":false,"template":"","format":"standard","meta":{"footnotes":""},"categories":[2],"tags":[40,19,32,7,12],"class_list":["post-105","post","type-post","status-publish","format-standard","has-post-thumbnail","hentry","category-noticias-corporativas-dino","tag-arquitetura","tag-comunicacao","tag-saude-e-bem-estar","tag-sociedade","tag-tecnologia"],"_links":{"self":[{"href":"https:\/\/devonline.net.br\/dino\/wp-json\/wp\/v2\/posts\/105","targetHints":{"allow":["GET"]}}],"collection":[{"href":"https:\/\/devonline.net.br\/dino\/wp-json\/wp\/v2\/posts"}],"about":[{"href":"https:\/\/devonline.net.br\/dino\/wp-json\/wp\/v2\/types\/post"}],"author":[{"embeddable":true,"href":"https:\/\/devonline.net.br\/dino\/wp-json\/wp\/v2\/users\/2"}],"replies":[{"embeddable":true,"href":"https:\/\/devonline.net.br\/dino\/wp-json\/wp\/v2\/comments?post=105"}],"version-history":[{"count":0,"href":"https:\/\/devonline.net.br\/dino\/wp-json\/wp\/v2\/posts\/105\/revisions"}],"wp:featuredmedia":[{"embeddable":true,"href":"https:\/\/devonline.net.br\/dino\/wp-json\/wp\/v2\/media\/106"}],"wp:attachment":[{"href":"https:\/\/devonline.net.br\/dino\/wp-json\/wp\/v2\/media?parent=105"}],"wp:term":[{"taxonomy":"category","embeddable":true,"href":"https:\/\/devonline.net.br\/dino\/wp-json\/wp\/v2\/categories?post=105"},{"taxonomy":"post_tag","embeddable":true,"href":"https:\/\/devonline.net.br\/dino\/wp-json\/wp\/v2\/tags?post=105"}],"curies":[{"name":"wp","href":"https:\/\/api.w.org\/{rel}","templated":true}]}}